{"id":84637,"date":"2019-05-19T14:27:38","date_gmt":"2019-05-19T12:27:38","guid":{"rendered":"https:\/\/zjarr.tv\/?p=84637"},"modified":"2019-05-19T14:27:38","modified_gmt":"2019-05-19T12:27:38","slug":"bashkia-i-heq-emrin-e-rruges-vasili-neveri-per-keta-bastarde-pa-atdhe-perbuzin-mentor-xhemalin","status":"publish","type":"post","link":"https:\/\/zjarr.tv\/en\/bashkia-i-heq-emrin-e-rruges-vasili-neveri-per-keta-bastarde-pa-atdhe-perbuzin-mentor-xhemalin\/","title":{"rendered":"Bashkia i heq emrin e rrug\u00ebs, Vasili: Neveri p\u00ebr k\u00ebta bastard\u00eb pa atdhe, p\u00ebrbuzin Mentor Xhemalin"},"content":{"rendered":"<p>Drejtuesi I lart\u00eb i LSI Petrit Vasili ka reaguar me nj\u00eb postim n\u00eb rrjetin e tij social n\u00eb facebok pas vendimit t\u00eb bashkis\u00eb s\u00eb Tiran\u00ebs p\u00ebr heqjen e emrit Mentor Xhemali t\u00eb nj\u00eb rruge.<\/p>\n<p>\u201cNeveri p\u00ebr k\u00ebta bastard\u00eb pa atdhe q\u00eb me veprimet e tyre do mbahen mend gjat\u00eb p\u00ebr shemtin\u00eb e tyre\u201d, shkruan Vasili.<\/p>\n<p><strong>Ja postimi i tij i plot\u00eb:<\/strong><\/p>\n<p>Qeveria pa atdhe perbuz Mentor Xhemalin, q\u00eb kendoi &#8220;P\u00ebr ty atdhe&#8221;.(VIDEO)<\/p>\n<p>Bashkia e Tiran\u00ebs i heq emrin rrug\u00ebs q\u00eb mbante emrin e t\u00eb madhit Mentor Xhemali.<\/p>\n<p>Mentor Xhemali k\u00ebndoi nj\u00eb monument artistik krenarie si\u00e7 ishte &#8220;P\u00ebr ty atdhe&#8221;.<\/p>\n<p>Mirenjohje p\u00ebr jet\u00eb Mentor Xhemalit t\u00eb thjesht\u00eb dhe madh\u00ebshtor, q\u00eb \u00ebsht\u00eb skalitur n\u00eb mendjet e gjith\u00eb shqiptar\u00ebve.<\/p>\n<p>Neveri p\u00ebr k\u00ebta bastard\u00eb pa atdhe q\u00eb me veprimet e tyre do mbahen mend gjat\u00eb p\u00ebr sh\u00ebmtin\u00eb e tyre.<\/p>\n<p>&nbsp;<\/p>","protected":false},"excerpt":{"rendered":"<p>Drejtuesi I lart\u00eb i LSI Petrit Vasili ka reaguar me nj\u00eb postim n\u00eb rrjetin e tij social n\u00eb facebok pas vendimit t\u00eb bashkis\u00eb s\u00eb Tiran\u00ebs p\u00ebr heqjen e emrit Mentor Xhemali t\u00eb nj\u00eb rruge. \u201cNeveri p\u00ebr k\u00ebta bastard\u00eb pa atdhe q\u00eb me veprimet e tyre do mbahen mend gjat\u00eb p\u00ebr shemtin\u00eb e tyre\u201d, shkruan Vasili. [&hellip;]<\/p>\n","protected":false},"author":2013,"featured_media":70162,"comment_status":"open","ping_status":"closed","sticky":false,"template":"","format":"standard","meta":{"footnotes":""},"categories":[241,235],"tags":[],"class_list":{"0":"post-84637","1":"post","2":"type-post","3":"status-publish","4":"format-standard","5":"has-post-thumbnail","7":"category-aktualitet","8":"category-vendi"},"_links":{"self":[{"href":"https:\/\/zjarr.tv\/en\/wp-json\/wp\/v2\/posts\/84637","targetHints":{"allow":["GET"]}}],"collection":[{"href":"https:\/\/zjarr.tv\/en\/wp-json\/wp\/v2\/posts"}],"about":[{"href":"https:\/\/zjarr.tv\/en\/wp-json\/wp\/v2\/types\/post"}],"author":[{"embeddable":true,"href":"https:\/\/zjarr.tv\/en\/wp-json\/wp\/v2\/users\/2013"}],"replies":[{"embeddable":true,"href":"https:\/\/zjarr.tv\/en\/wp-json\/wp\/v2\/comments?post=84637"}],"version-history":[{"count":0,"href":"https:\/\/zjarr.tv\/en\/wp-json\/wp\/v2\/posts\/84637\/revisions"}],"wp:featuredmedia":[{"embeddable":true,"href":"https:\/\/zjarr.tv\/en\/wp-json\/wp\/v2\/media\/70162"}],"wp:attachment":[{"href":"https:\/\/zjarr.tv\/en\/wp-json\/wp\/v2\/media?parent=84637"}],"wp:term":[{"taxonomy":"category","embeddable":true,"href":"https:\/\/zjarr.tv\/en\/wp-json\/wp\/v2\/categories?post=84637"},{"taxonomy":"post_tag","embeddable":true,"href":"https:\/\/zjarr.tv\/en\/wp-json\/wp\/v2\/tags?post=84637"}],"curies":[{"name":"wp","href":"https:\/\/api.w.org\/{rel}","templated":true}]}}