{"id":84639,"date":"2019-05-19T14:33:49","date_gmt":"2019-05-19T12:33:49","guid":{"rendered":"https:\/\/zjarr.tv\/?p=84639"},"modified":"2019-05-19T14:33:49","modified_gmt":"2019-05-19T12:33:49","slug":"zeri-i-amerikes-dako-bleu-vota-merret-ne-pyetje-nga-prokuroria","status":"publish","type":"post","link":"https:\/\/zjarr.tv\/en\/zeri-i-amerikes-dako-bleu-vota-merret-ne-pyetje-nga-prokuroria\/","title":{"rendered":"Z\u00ebri i Amerik\u00ebs\/ Dako bleu vota, merret n\u00eb pyetje nga prokuroria"},"content":{"rendered":"<p>Prokuroria e Krimeve t\u00eb R\u00ebnda ka marr\u00eb n\u00eb pyetje kryetarin socialist t\u00eb bashkis\u00eb s\u00eb Durr\u00ebsit, Vangjush Dako, lidhur me hetimet q\u00eb po zhvillohen mbi veprimtarin\u00eb kriminale t\u00eb nj\u00eb grupi personash n\u00eb Shijak, t\u00eb arrestuar gjat\u00eb operacionit Vol-Vo 4 vitin e kaluar.<\/p>\n<p>Emri dhe z\u00ebri i zotit Dako \u00ebsht\u00eb regjistruar n\u00eb biseda telefonike t\u00eb p\u00ebrgjuara antar\u00ebve t\u00eb k\u00ebtij grupi kriminal, i cili krahas trafikimit t\u00eb narkotik\u00ebve, dyshohet p\u00ebr shitblerjen e votave n\u00eb zgjedhjet e qershorit t\u00eb vitit 2017.<\/p>\n<p>Mediat vendore po raportojn\u00eb se zoti Dako \u00ebsht\u00eb pyetur nga prokuror\u00ebt p\u00ebr mbi 5 or\u00eb t\u00eb enjten e kaluar mbi p\u00ebrmbajtjen e p\u00ebrgjimeve t\u00eb p\u00ebrfshira n\u00eb \u201cDosjen 339\u201d.<\/p>\n<p>\u201cZoti Dako \u00ebsht\u00eb pyetur p\u00ebr llogari t\u00eb hetimeve t\u00eb hapura mbi k\u00ebt\u00eb \u00e7\u00ebshtje mjaft t\u00eb bujshme gjat\u00eb s\u00eb enjtes, nga ora 15 deri n\u00eb or\u00ebn 20\u201d &#8211; njoftoi televizioni Top Channel, duke shtuar se s\u00eb fundi jan\u00eb pyetur edhe zyrtar\u00eb t\u00eb tjer\u00eb t\u00eb pushtetit vendor n\u00eb Durr\u00ebs dhe Lezh\u00eb.<\/p>\n<p>Kryetari i bashkis\u00eb bregdetare, Vangjush Dako, i ka hedhur posht\u00eb m\u00eb par\u00eb dyshimet p\u00ebr blerje votash p\u00ebrmes bashk\u00ebpunimit me grupe kriminale, duke th\u00ebn\u00eb se ata i takonte si qytetar\u00eb t\u00eb Durr\u00ebsit, si mb\u00ebshtet\u00ebs t\u00eb tij dhe si veprimtar\u00eb elektoral\u00eb, por s\u00eb fundi nuk ka dh\u00ebn\u00eb detaje n\u00eb media pas seanc\u00ebs s\u00eb pyetjeve n\u00eb prokurorin\u00eb e krimeve t\u00eb r\u00ebnda.<\/p>\n<p>Prokuror\u00ebt vazhdojn\u00eb t\u00eb zbardhin volume t\u00eb t\u00ebra p\u00ebrgjimesh telefonike mes pjes\u00ebtar\u00ebve t\u00eb grupit, q\u00eb, sipas prokurores s\u00eb p\u00ebrgjithshme t\u00eb p\u00ebrkohshme, Arta Marku, jan\u00eb regjistruar n\u00eb gjithsej 700 compact disqe.<\/p>\n<p>N\u00eb p\u00ebrgjimet voluminoze, krahas zotit Dako, jozyrtarisht m\u00ebsohet se u kan\u00eb dal\u00eb emrat edhe disa zyrtar\u00ebve t\u00eb tjer\u00eb t\u00eb pushtetit vendor, si dhe disa gjyqtar\u00eb e prokuror\u00eb, t\u00eb cil\u00ebt mund t\u00eb pyeten n\u00eb vazhdim t\u00eb hetimeve.<\/p>\n<p>Gjykata e Krimeve t\u00eb R\u00ebnda refuzoi s\u00ebrish k\u00ebrkes\u00ebn e nj\u00ebrit prej t\u00eb arrestuarve, Altin Avdyli, i njohur me nofk\u00ebn Ni\u00e7ja, i cili u mbajt n\u00eb arrest me burg.<\/p>\n<p>Gjat\u00eb operacionit Vol-Vo 4 u arrestuan 74 persona, t\u00eb cil\u00ebt nga hetimet kan\u00eb kryer disa vepra penale si trafik i drogave, falsifikim i dokumenteve zyrtare dhe nd\u00ebrhyrje t\u00eb paligjshme n\u00eb procese zgjedhore.<\/p>\n<p>&nbsp;<\/p>\n<p>&nbsp;<\/p>","protected":false},"excerpt":{"rendered":"<p>Prokuroria e Krimeve t\u00eb R\u00ebnda ka marr\u00eb n\u00eb pyetje kryetarin socialist t\u00eb bashkis\u00eb s\u00eb Durr\u00ebsit, Vangjush Dako, lidhur me hetimet q\u00eb po zhvillohen mbi veprimtarin\u00eb kriminale t\u00eb nj\u00eb grupi personash n\u00eb Shijak, t\u00eb arrestuar gjat\u00eb operacionit Vol-Vo 4 vitin e kaluar. Emri dhe z\u00ebri i zotit Dako \u00ebsht\u00eb regjistruar n\u00eb biseda telefonike t\u00eb p\u00ebrgjuara antar\u00ebve [&hellip;]<\/p>\n","protected":false},"author":2013,"featured_media":50475,"comment_status":"open","ping_status":"closed","sticky":false,"template":"","format":"standard","meta":{"footnotes":""},"categories":[241,235],"tags":[],"class_list":{"0":"post-84639","1":"post","2":"type-post","3":"status-publish","4":"format-standard","5":"has-post-thumbnail","7":"category-aktualitet","8":"category-vendi"},"_links":{"self":[{"href":"https:\/\/zjarr.tv\/en\/wp-json\/wp\/v2\/posts\/84639","targetHints":{"allow":["GET"]}}],"collection":[{"href":"https:\/\/zjarr.tv\/en\/wp-json\/wp\/v2\/posts"}],"about":[{"href":"https:\/\/zjarr.tv\/en\/wp-json\/wp\/v2\/types\/post"}],"author":[{"embeddable":true,"href":"https:\/\/zjarr.tv\/en\/wp-json\/wp\/v2\/users\/2013"}],"replies":[{"embeddable":true,"href":"https:\/\/zjarr.tv\/en\/wp-json\/wp\/v2\/comments?post=84639"}],"version-history":[{"count":0,"href":"https:\/\/zjarr.tv\/en\/wp-json\/wp\/v2\/posts\/84639\/revisions"}],"wp:featuredmedia":[{"embeddable":true,"href":"https:\/\/zjarr.tv\/en\/wp-json\/wp\/v2\/media\/50475"}],"wp:attachment":[{"href":"https:\/\/zjarr.tv\/en\/wp-json\/wp\/v2\/media?parent=84639"}],"wp:term":[{"taxonomy":"category","embeddable":true,"href":"https:\/\/zjarr.tv\/en\/wp-json\/wp\/v2\/categories?post=84639"},{"taxonomy":"post_tag","embeddable":true,"href":"https:\/\/zjarr.tv\/en\/wp-json\/wp\/v2\/tags?post=84639"}],"curies":[{"name":"wp","href":"https:\/\/api.w.org\/{rel}","templated":true}]}}