{"id":84641,"date":"2019-05-19T14:51:49","date_gmt":"2019-05-19T12:51:49","guid":{"rendered":"https:\/\/zjarr.tv\/?p=84641"},"modified":"2019-05-19T14:51:49","modified_gmt":"2019-05-19T12:51:49","slug":"me-bashen-ne-krah-mediu-tregon-cfare-diskutuan-ne-darken-e-lordit-davin-richard","status":"publish","type":"post","link":"https:\/\/zjarr.tv\/en\/me-bashen-ne-krah-mediu-tregon-cfare-diskutuan-ne-darken-e-lordit-davin-richard\/","title":{"rendered":"Me Bash\u00ebn n\u00eb krah, Mediu tregon \u00e7far\u00eb diskutuan n\u00eb dark\u00ebn e lordit Davin Richard"},"content":{"rendered":"<p>Kryetari i Partis\u00eb Republikane, Fatmir Mediu, ka zbardhur t\u00eb tjera detaje dhe ka publikuar t\u00eb tjera fotografi nga takimet e pun\u00ebs q\u00eb kan\u00eb zhvilluar n\u00eb Lond\u00ebr bashk\u00eb me kryetarin e PD, Lulzim Bash\u00ebn dhe koleg\u00ebt Aldo Bum\u00e7in dhe Xhemal Gjunkshi.<\/p>\n<p>Mediu tha se n\u00eb darken e organizuar nga Lord David Richard\u00a0me an\u00ebtar\u00eb t\u00eb Dhom\u00ebs s\u00eb Lord\u00ebvei u theksua se vet\u00ebm nj\u00eb qeveri e dal\u00eb nga zgjedhje t\u00eb lira mund t\u00eb luftoj\u00eb krimin e organizuar. Pa vot\u00eb t\u00eb lir\u00eb, nuk ka stabilitet dhe zhvillim.<\/p>\n<p>&#8220;Bashke me z Basha ndame me miqt\u00eb e shquar britanik\u00eb q\u00ebndrimin e qart\u00eb dhe t\u00eb vendosur t\u00eb Opozites se p\u00ebrpjekjet dhe diskursi mbi kufijt\u00eb dhe shk\u00ebmbimin e territoreve shkon kund\u00ebr k\u00ebtyre arritjeve, duke k\u00ebrc\u00ebnuar paqen dhe stabilitetin rajonal dhe minuar perspektiv\u00ebn europiane t\u00eb vendeve dhe popujve t\u00eb rajonit. &#8211; thekson Mediu duke treguar m\u00eb pas se \u00e7far\u00eb vuri n\u00eb dukje Basha: &#8220;Forcimi i institucioneve demokratike, kontrolli dhe kufizimi i pushteteve, drejtesia e pavarur dhe zgjedhjet e lira jan\u00eb parakusht p\u00ebr integrimin e vendeve tona n\u00eb BE. Zgjedhjet e lira dhe t\u00eb ndershme jan\u00eb jetike p\u00ebr demokracin\u00eb dhe legjitimitetin e qeveris\u00eb para qytetar\u00ebve. P\u00ebr k\u00ebt\u00eb q\u00ebllim hapi m\u00eb emergjent \u00ebsht\u00eb shk\u00ebputja e lidhjeve t\u00eb provuara mes krimit t\u00eb organizuar dhe politik\u00ebs.&#8221;<\/p>\n<p>&nbsp;<\/p>","protected":false},"excerpt":{"rendered":"<p>Kryetari i Partis\u00eb Republikane, Fatmir Mediu, ka zbardhur t\u00eb tjera detaje dhe ka publikuar t\u00eb tjera fotografi nga takimet e pun\u00ebs q\u00eb kan\u00eb zhvilluar n\u00eb Lond\u00ebr bashk\u00eb me kryetarin e PD, Lulzim Bash\u00ebn dhe koleg\u00ebt Aldo Bum\u00e7in dhe Xhemal Gjunkshi. Mediu tha se n\u00eb darken e organizuar nga Lord David Richard\u00a0me an\u00ebtar\u00eb t\u00eb Dhom\u00ebs s\u00eb [&hellip;]<\/p>\n","protected":false},"author":2013,"featured_media":84627,"comment_status":"open","ping_status":"closed","sticky":false,"template":"","format":"standard","meta":{"footnotes":""},"categories":[241,235],"tags":[],"class_list":{"0":"post-84641","1":"post","2":"type-post","3":"status-publish","4":"format-standard","5":"has-post-thumbnail","7":"category-aktualitet","8":"category-vendi"},"_links":{"self":[{"href":"https:\/\/zjarr.tv\/en\/wp-json\/wp\/v2\/posts\/84641","targetHints":{"allow":["GET"]}}],"collection":[{"href":"https:\/\/zjarr.tv\/en\/wp-json\/wp\/v2\/posts"}],"about":[{"href":"https:\/\/zjarr.tv\/en\/wp-json\/wp\/v2\/types\/post"}],"author":[{"embeddable":true,"href":"https:\/\/zjarr.tv\/en\/wp-json\/wp\/v2\/users\/2013"}],"replies":[{"embeddable":true,"href":"https:\/\/zjarr.tv\/en\/wp-json\/wp\/v2\/comments?post=84641"}],"version-history":[{"count":0,"href":"https:\/\/zjarr.tv\/en\/wp-json\/wp\/v2\/posts\/84641\/revisions"}],"wp:featuredmedia":[{"embeddable":true,"href":"https:\/\/zjarr.tv\/en\/wp-json\/wp\/v2\/media\/84627"}],"wp:attachment":[{"href":"https:\/\/zjarr.tv\/en\/wp-json\/wp\/v2\/media?parent=84641"}],"wp:term":[{"taxonomy":"category","embeddable":true,"href":"https:\/\/zjarr.tv\/en\/wp-json\/wp\/v2\/categories?post=84641"},{"taxonomy":"post_tag","embeddable":true,"href":"https:\/\/zjarr.tv\/en\/wp-json\/wp\/v2\/tags?post=84641"}],"curies":[{"name":"wp","href":"https:\/\/api.w.org\/{rel}","templated":true}]}}