{"id":84650,"date":"2019-05-19T15:18:34","date_gmt":"2019-05-19T13:18:34","guid":{"rendered":"https:\/\/zjarr.tv\/?p=84650"},"modified":"2019-05-19T15:18:34","modified_gmt":"2019-05-19T13:18:34","slug":"thaci-edhe-20-vite-pas-masakres-ne-burgun-e-dubraves-askush-nuk-doli-para-drejtesise","status":"publish","type":"post","link":"https:\/\/zjarr.tv\/en\/thaci-edhe-20-vite-pas-masakres-ne-burgun-e-dubraves-askush-nuk-doli-para-drejtesise\/","title":{"rendered":"Tha\u00e7i: Edhe 20 vite pas masakr\u00ebs n\u00eb Burgun e Dubrav\u00ebs askush nuk doli para drejt\u00ebsis\u00eb"},"content":{"rendered":"<p>Presidenti i Kosov\u00ebs, Hashim Tha\u00e7i, ka th\u00ebn\u00eb se vrasja e 160 t\u00eb burgosurve dhe plagosja e mbi 300 prej tyre n\u00eb Burgun e Dubrav\u00ebs, tregon m\u00eb s\u00eb miri natyr\u00ebn gjenocidale t\u00eb shtetit t\u00eb Serbis\u00eb, q\u00eb kreu mbi 400 masakra, vrau mbi 13 mij\u00eb civil\u00eb vet\u00ebm n\u00eb vitet 1998-1999.<\/p>\n<p>N\u00eb nj\u00eb status n\u00eb rrjetin social n\u00eb Facebook, Tha\u00e7i, ka shkruar se edhe pas 20 viteve ende askush nga urdh\u00ebruesit dhe ekzekutuesit e k\u00ebtyre krimeve me motive gjenocidi nuk doli para drejt\u00ebsis\u00eb vendore ose nd\u00ebrkomb\u00ebtare.<\/p>\n<p><strong>Postimi i plot\u00eb i Tha\u00e7it:<\/strong><\/p>\n<p>\u201cPara 20 viteve, n\u00eb burgun e Dubrav\u00ebs filloi nj\u00ebra nga masakrat m\u00eb mizore mbi t\u00eb burgosurit shqiptar\u00eb, e kryer nga forcat policore serbe p\u00ebr disa dit\u00eb me radh\u00eb. Vrasja e 160 t\u00eb burgosurve dhe plagosja e mbi 300 prej tyre, tregon m\u00eb s\u00eb miri natyr\u00ebn gjenocidale t\u00eb shtetit t\u00eb Serbis\u00eb, q\u00eb kreu mbi 400 masakra, vrau mbi 13 mij\u00eb civil\u00eb vet\u00ebm n\u00eb vitet 1998-1999.<\/p>\n<p>N\u00eb mesin e t\u00eb burgosurve q\u00eb p\u00ebsuan n\u00eb dit\u00ebn e par\u00eb ishin edhe veprimtar\u00ebt Enver Topalli dhe Abdullah Tahiri. Edhe pas 20 viteve, fatkeq\u00ebsisht ende askush nga urdh\u00ebruesit dhe ekzekutuesit e k\u00ebtyre krimeve me motive gjenocidi nuk doli para drejt\u00ebsis\u00eb vendore ose nd\u00ebrkomb\u00ebtare\u201d,\u00a0ka shkruar Tha\u00e7i.<\/p>\n<p>&nbsp;<\/p>","protected":false},"excerpt":{"rendered":"<p>Presidenti i Kosov\u00ebs, Hashim Tha\u00e7i, ka th\u00ebn\u00eb se vrasja e 160 t\u00eb burgosurve dhe plagosja e mbi 300 prej tyre n\u00eb Burgun e Dubrav\u00ebs, tregon m\u00eb s\u00eb miri natyr\u00ebn gjenocidale t\u00eb shtetit t\u00eb Serbis\u00eb, q\u00eb kreu mbi 400 masakra, vrau mbi 13 mij\u00eb civil\u00eb vet\u00ebm n\u00eb vitet 1998-1999. N\u00eb nj\u00eb status n\u00eb rrjetin social n\u00eb [&hellip;]<\/p>\n","protected":false},"author":2013,"featured_media":69702,"comment_status":"open","ping_status":"closed","sticky":false,"template":"","format":"standard","meta":{"footnotes":""},"categories":[241,2],"tags":[],"class_list":{"0":"post-84650","1":"post","2":"type-post","3":"status-publish","4":"format-standard","5":"has-post-thumbnail","7":"category-aktualitet","8":"category-rajoni"},"_links":{"self":[{"href":"https:\/\/zjarr.tv\/en\/wp-json\/wp\/v2\/posts\/84650","targetHints":{"allow":["GET"]}}],"collection":[{"href":"https:\/\/zjarr.tv\/en\/wp-json\/wp\/v2\/posts"}],"about":[{"href":"https:\/\/zjarr.tv\/en\/wp-json\/wp\/v2\/types\/post"}],"author":[{"embeddable":true,"href":"https:\/\/zjarr.tv\/en\/wp-json\/wp\/v2\/users\/2013"}],"replies":[{"embeddable":true,"href":"https:\/\/zjarr.tv\/en\/wp-json\/wp\/v2\/comments?post=84650"}],"version-history":[{"count":0,"href":"https:\/\/zjarr.tv\/en\/wp-json\/wp\/v2\/posts\/84650\/revisions"}],"wp:featuredmedia":[{"embeddable":true,"href":"https:\/\/zjarr.tv\/en\/wp-json\/wp\/v2\/media\/69702"}],"wp:attachment":[{"href":"https:\/\/zjarr.tv\/en\/wp-json\/wp\/v2\/media?parent=84650"}],"wp:term":[{"taxonomy":"category","embeddable":true,"href":"https:\/\/zjarr.tv\/en\/wp-json\/wp\/v2\/categories?post=84650"},{"taxonomy":"post_tag","embeddable":true,"href":"https:\/\/zjarr.tv\/en\/wp-json\/wp\/v2\/tags?post=84650"}],"curies":[{"name":"wp","href":"https:\/\/api.w.org\/{rel}","templated":true}]}}