{"id":84659,"date":"2019-05-19T19:00:33","date_gmt":"2019-05-19T17:00:33","guid":{"rendered":"https:\/\/zjarr.tv\/?p=84659"},"modified":"2019-05-19T15:41:53","modified_gmt":"2019-05-19T13:41:53","slug":"austri-kancelari-kurz-ben-thirrje-per-zgjedhje-te-parakohshme","status":"publish","type":"post","link":"https:\/\/zjarr.tv\/en\/austri-kancelari-kurz-ben-thirrje-per-zgjedhje-te-parakohshme\/","title":{"rendered":"Austri, kancelari Kurz b\u00ebn thirrje p\u00ebr zgjedhje t\u00eb parakohshme"},"content":{"rendered":"<p>Kancelari austriak Sebastian Kurz ka k\u00ebrkuar zgjedhje t\u00eb parakohshme pasi zv\/kancelari Heinz-Christian Strache, dha dor\u00ebheqjen pas nj\u00eb skandali korrupsioni.<br \/>\nAi tha se i ka k\u00ebrkuar Presidentit Aleksander Van der Bellen p\u00ebr nj\u00eb votim t\u00eb ri komb\u00ebtar.<br \/>\n&#8220;Kjo nuk \u00ebsht\u00eb ajo q\u00eb vendi yn\u00eb ka nevoj\u00eb. Un\u00eb nuk jam n\u00eb politik\u00eb p\u00ebr ta mbajtur k\u00ebt\u00eb zyr\u00eb &#8230; por p\u00ebr t\u00eb punuar p\u00ebr vendin ton\u00eb t\u00eb bukur&#8221;, tha Kurz.<br \/>\nMij\u00ebra njer\u00ebz kishin protestuar jasht\u00eb kancelaris\u00eb n\u00eb Vjen\u00eb gjat\u00eb gjith\u00eb dit\u00ebs, duke b\u00ebr\u00eb thirrje p\u00ebr nj\u00eb qeveri t\u00eb re.<br \/>\nPartia Popullore e Qendr\u00ebs s\u00eb djatht\u00eb e Kurz \u00ebsht\u00eb n\u00eb qeveri me Partin\u00eb e ekstremit t\u00eb djatht\u00eb t\u00eb Strache.<br \/>\nUdh\u00ebheq\u00ebsi i Partis\u00eb s\u00eb Liris\u00eb dha dor\u00ebheqjen pasi u shfaq n\u00eb nj\u00eb videoskandal korrupsioni.<br \/>\nMateriali filmik q\u00eb \u00ebsht\u00eb transmetuar pjes\u00ebrisht nga dy media gjermane tregon politikanin 49-vje\u00e7ar duke dialoguar lirsh\u00ebm n\u00eb ishullin spanjoll t\u00eb Ibiz\u00ebs n\u00eb vitin 2017, pak muaj p\u00ebrpara zgjedhjeve komb\u00ebtare. N\u00eb shoq\u00ebrin\u00eb e tij ndodhet nj\u00eb e vet\u00ebquajtur oligarke ruse s\u00eb cil\u00ebs Shtrahe i premton favore politike dhe tender\u00eb publik\u00eb.<br \/>\nKreu i qeveris\u00eb, kancelari konservator 32-vje\u00e7ar Sebastian Kurc, tha t\u00eb shtun\u00ebn se do i jap\u00eb fund bashk\u00ebpunimit me kolegun e tij djathtist.<br \/>\nDy aleat\u00ebt qeverisin vendin prej dhjetorit 2017, por skandali i koalicionit v\u00eb n\u00eb pozita t\u00eb v\u00ebshtira q\u00ebndrueshm\u00ebrin\u00eb e kabinetit.<\/p>","protected":false},"excerpt":{"rendered":"<p>Kancelari austriak Sebastian Kurz ka k\u00ebrkuar zgjedhje t\u00eb parakohshme pasi zv\/kancelari Heinz-Christian Strache, dha dor\u00ebheqjen pas nj\u00eb skandali korrupsioni. Ai tha se i ka k\u00ebrkuar Presidentit Aleksander Van der Bellen p\u00ebr nj\u00eb votim t\u00eb ri komb\u00ebtar. &#8220;Kjo nuk \u00ebsht\u00eb ajo q\u00eb vendi yn\u00eb ka nevoj\u00eb. Un\u00eb nuk jam n\u00eb politik\u00eb p\u00ebr ta mbajtur k\u00ebt\u00eb zyr\u00eb [&hellip;]<\/p>\n","protected":false},"author":2013,"featured_media":84660,"comment_status":"open","ping_status":"closed","sticky":false,"template":"","format":"standard","meta":{"footnotes":""},"categories":[241,191],"tags":[],"class_list":{"0":"post-84659","1":"post","2":"type-post","3":"status-publish","4":"format-standard","5":"has-post-thumbnail","7":"category-aktualitet","8":"category-bota"},"_links":{"self":[{"href":"https:\/\/zjarr.tv\/en\/wp-json\/wp\/v2\/posts\/84659","targetHints":{"allow":["GET"]}}],"collection":[{"href":"https:\/\/zjarr.tv\/en\/wp-json\/wp\/v2\/posts"}],"about":[{"href":"https:\/\/zjarr.tv\/en\/wp-json\/wp\/v2\/types\/post"}],"author":[{"embeddable":true,"href":"https:\/\/zjarr.tv\/en\/wp-json\/wp\/v2\/users\/2013"}],"replies":[{"embeddable":true,"href":"https:\/\/zjarr.tv\/en\/wp-json\/wp\/v2\/comments?post=84659"}],"version-history":[{"count":0,"href":"https:\/\/zjarr.tv\/en\/wp-json\/wp\/v2\/posts\/84659\/revisions"}],"wp:featuredmedia":[{"embeddable":true,"href":"https:\/\/zjarr.tv\/en\/wp-json\/wp\/v2\/media\/84660"}],"wp:attachment":[{"href":"https:\/\/zjarr.tv\/en\/wp-json\/wp\/v2\/media?parent=84659"}],"wp:term":[{"taxonomy":"category","embeddable":true,"href":"https:\/\/zjarr.tv\/en\/wp-json\/wp\/v2\/categories?post=84659"},{"taxonomy":"post_tag","embeddable":true,"href":"https:\/\/zjarr.tv\/en\/wp-json\/wp\/v2\/tags?post=84659"}],"curies":[{"name":"wp","href":"https:\/\/api.w.org\/{rel}","templated":true}]}}