{"id":84694,"date":"2019-05-19T17:04:56","date_gmt":"2019-05-19T15:04:56","guid":{"rendered":"https:\/\/zjarr.tv\/?p=84694"},"modified":"2019-05-19T17:04:56","modified_gmt":"2019-05-19T15:04:56","slug":"fshehu-denimin-me-burg-deputeti-selami-jenisheri-rrezikon-mandatin","status":"publish","type":"post","link":"https:\/\/zjarr.tv\/en\/fshehu-denimin-me-burg-deputeti-selami-jenisheri-rrezikon-mandatin\/","title":{"rendered":"Fshehu d\u00ebnimin me burg, deputeti Selami Jenisheri rrezikon mandatin"},"content":{"rendered":"<p>Kryetari i Partis\u00eb s\u00eb Pensionist\u00ebve t\u00eb Shqip\u00ebris\u00eb, Selami Jenisheri edhe pse ka marr\u00eb mandatin e deputetit, rrezikon ta humb\u00eb at\u00eb. Kjo p\u00ebr shkak se ai ka fshehur d\u00ebnimin, duke mos e deklaruar at\u00eb n\u00eb formularin e dekriminalizimit.<\/p>\n<p>Deputeti Selami Jenisheri n\u00eb formular \u00ebsht\u00eb shprehur se nuk ka qen\u00eb n\u00eb asnj\u00eb rast i d\u00ebnuar si brenda dhe jasht\u00eb Shqip\u00ebris\u00eb.<\/p>\n<p>Nd\u00ebrkoh\u00eb ai \u00ebsht\u00eb d\u00ebnuar me 8 muaj burg nga gjykata e Shkodr\u00ebs n\u00eb vitin 2001 p\u00ebr akuz\u00ebn e mashtrim, vendim t\u00eb cilin e ka apeluar n\u00eb gjykat\u00ebn e lart\u00eb dhe kjo e fundit ka l\u00ebn\u00eb n\u00eb fuqi d\u00ebnimin.<\/p>\n<p>Jenisheri u betua k\u00ebt\u00eb jav\u00eb n\u00eb Parlament.<\/p>\n<p>&nbsp;<\/p>","protected":false},"excerpt":{"rendered":"<p>Kryetari i Partis\u00eb s\u00eb Pensionist\u00ebve t\u00eb Shqip\u00ebris\u00eb, Selami Jenisheri edhe pse ka marr\u00eb mandatin e deputetit, rrezikon ta humb\u00eb at\u00eb. Kjo p\u00ebr shkak se ai ka fshehur d\u00ebnimin, duke mos e deklaruar at\u00eb n\u00eb formularin e dekriminalizimit. Deputeti Selami Jenisheri n\u00eb formular \u00ebsht\u00eb shprehur se nuk ka qen\u00eb n\u00eb asnj\u00eb rast i d\u00ebnuar si brenda [&hellip;]<\/p>\n","protected":false},"author":2013,"featured_media":84695,"comment_status":"open","ping_status":"closed","sticky":false,"template":"","format":"standard","meta":{"footnotes":""},"categories":[241,235],"tags":[],"class_list":{"0":"post-84694","1":"post","2":"type-post","3":"status-publish","4":"format-standard","5":"has-post-thumbnail","7":"category-aktualitet","8":"category-vendi"},"_links":{"self":[{"href":"https:\/\/zjarr.tv\/en\/wp-json\/wp\/v2\/posts\/84694","targetHints":{"allow":["GET"]}}],"collection":[{"href":"https:\/\/zjarr.tv\/en\/wp-json\/wp\/v2\/posts"}],"about":[{"href":"https:\/\/zjarr.tv\/en\/wp-json\/wp\/v2\/types\/post"}],"author":[{"embeddable":true,"href":"https:\/\/zjarr.tv\/en\/wp-json\/wp\/v2\/users\/2013"}],"replies":[{"embeddable":true,"href":"https:\/\/zjarr.tv\/en\/wp-json\/wp\/v2\/comments?post=84694"}],"version-history":[{"count":0,"href":"https:\/\/zjarr.tv\/en\/wp-json\/wp\/v2\/posts\/84694\/revisions"}],"wp:featuredmedia":[{"embeddable":true,"href":"https:\/\/zjarr.tv\/en\/wp-json\/wp\/v2\/media\/84695"}],"wp:attachment":[{"href":"https:\/\/zjarr.tv\/en\/wp-json\/wp\/v2\/media?parent=84694"}],"wp:term":[{"taxonomy":"category","embeddable":true,"href":"https:\/\/zjarr.tv\/en\/wp-json\/wp\/v2\/categories?post=84694"},{"taxonomy":"post_tag","embeddable":true,"href":"https:\/\/zjarr.tv\/en\/wp-json\/wp\/v2\/tags?post=84694"}],"curies":[{"name":"wp","href":"https:\/\/api.w.org\/{rel}","templated":true}]}}