{"id":84714,"date":"2019-05-19T18:50:41","date_gmt":"2019-05-19T16:50:41","guid":{"rendered":"https:\/\/zjarr.tv\/?p=84714"},"modified":"2019-05-19T17:17:54","modified_gmt":"2019-05-19T15:17:54","slug":"shba-ja-largon-tarifat-e-aluminit-dhe-celikut-per-ameriken-e-veriut","status":"publish","type":"post","link":"https:\/\/zjarr.tv\/en\/shba-ja-largon-tarifat-e-aluminit-dhe-celikut-per-ameriken-e-veriut\/","title":{"rendered":"SHBA-ja largon tarifat e aluminit dhe \u00e7elikut p\u00ebr Amerik\u00ebn e Veriut"},"content":{"rendered":"<p>Shtetet e Bashkuara t\u00eb Amerik\u00ebs jan\u00eb pajtuar t\u00eb largojn\u00eb tarifat mbi aluminin dhe \u00e7elikun e importuar nga Kanadaja dhe Meksika.<\/p>\n<p>Marr\u00ebveshja e arritur mes tre vendeve, q\u00eb u b\u00eb e ditur nga gazeta Washington Post, k\u00ebrkon nga qeverit\u00eb e Meksik\u00ebs dhe Kanadas\u00eb t\u00eb marrin masa p\u00ebr t\u00eb mos lejuar dep\u00ebrtimin e \u00e7elikut kinez n\u00eb Shtetet e Bashkuara p\u00ebrmes vendeve t\u00eb tyre.<\/p>\n<p>Marr\u00ebveshja hyn n\u00eb fuqi nes\u00ebr dhe p\u00ebrgatit terrenin q\u00eb Kongresi t\u00eb miratoj\u00eb Paktin tregtar t\u00eb Amerik\u00ebs s\u00eb Veriut t\u00eb propozuar nga administrata e Donald Trumpit.<\/p>\n<p>Presidenti Trump vendosi tarifa n\u00eb mars 2018, duke ngritur si argument shqet\u00ebsimet p\u00ebr sigurin\u00eb komb\u00ebtare. Shtetet e Bashkuara e akuzojn\u00eb Kin\u00ebn p\u00ebr mbingopje t\u00eb tregut me \u00e7elik dhe alumin q\u00eb pat rezultuar n\u00eb uljen e \u00e7mimeve globale t\u00eb k\u00ebtyre produkteve dhe pat sjell\u00eb falimentimin e objekteve prodhuese n\u00eb Shtetet e Bashkuara.<\/p>\n<p>Shum\u00eb republikan\u00eb ishin shprehur se nuk do ta mb\u00ebshtesnin paktin e tregtis\u00eb t\u00eb propozuar nga Presidenti Trump p\u00ebr sa koh\u00eb q\u00eb mbeteshin n\u00eb fuqi tarifat.<\/p>\n<p>Njoftimi i djesh\u00ebm u b\u00eb disa or\u00eb pas Presidenti Trump u dha Bashkimit Evropian dhe Japonis\u00eb gjasht\u00eb muaj koh\u00eb p\u00ebr t\u00eb ulur eksportet e automjeteve t\u00eb tyre p\u00ebr n\u00eb Shtetet e Bashkuara, p\u00ebrndryshe k\u00ebrc\u00ebnohen me tarifa.<\/p>\n<p>&nbsp;<\/p>","protected":false},"excerpt":{"rendered":"<p>Shtetet e Bashkuara t\u00eb Amerik\u00ebs jan\u00eb pajtuar t\u00eb largojn\u00eb tarifat mbi aluminin dhe \u00e7elikun e importuar nga Kanadaja dhe Meksika. Marr\u00ebveshja e arritur mes tre vendeve, q\u00eb u b\u00eb e ditur nga gazeta Washington Post, k\u00ebrkon nga qeverit\u00eb e Meksik\u00ebs dhe Kanadas\u00eb t\u00eb marrin masa p\u00ebr t\u00eb mos lejuar dep\u00ebrtimin e \u00e7elikut kinez n\u00eb Shtetet [&hellip;]<\/p>\n","protected":false},"author":2013,"featured_media":84715,"comment_status":"open","ping_status":"closed","sticky":false,"template":"","format":"standard","meta":{"footnotes":""},"categories":[241,191],"tags":[],"class_list":{"0":"post-84714","1":"post","2":"type-post","3":"status-publish","4":"format-standard","5":"has-post-thumbnail","7":"category-aktualitet","8":"category-bota"},"_links":{"self":[{"href":"https:\/\/zjarr.tv\/en\/wp-json\/wp\/v2\/posts\/84714","targetHints":{"allow":["GET"]}}],"collection":[{"href":"https:\/\/zjarr.tv\/en\/wp-json\/wp\/v2\/posts"}],"about":[{"href":"https:\/\/zjarr.tv\/en\/wp-json\/wp\/v2\/types\/post"}],"author":[{"embeddable":true,"href":"https:\/\/zjarr.tv\/en\/wp-json\/wp\/v2\/users\/2013"}],"replies":[{"embeddable":true,"href":"https:\/\/zjarr.tv\/en\/wp-json\/wp\/v2\/comments?post=84714"}],"version-history":[{"count":0,"href":"https:\/\/zjarr.tv\/en\/wp-json\/wp\/v2\/posts\/84714\/revisions"}],"wp:featuredmedia":[{"embeddable":true,"href":"https:\/\/zjarr.tv\/en\/wp-json\/wp\/v2\/media\/84715"}],"wp:attachment":[{"href":"https:\/\/zjarr.tv\/en\/wp-json\/wp\/v2\/media?parent=84714"}],"wp:term":[{"taxonomy":"category","embeddable":true,"href":"https:\/\/zjarr.tv\/en\/wp-json\/wp\/v2\/categories?post=84714"},{"taxonomy":"post_tag","embeddable":true,"href":"https:\/\/zjarr.tv\/en\/wp-json\/wp\/v2\/tags?post=84714"}],"curies":[{"name":"wp","href":"https:\/\/api.w.org\/{rel}","templated":true}]}}