{"id":84725,"date":"2019-05-19T17:24:41","date_gmt":"2019-05-19T15:24:41","guid":{"rendered":"https:\/\/zjarr.tv\/?p=84725"},"modified":"2019-05-19T17:24:41","modified_gmt":"2019-05-19T15:24:41","slug":"shkodra-nderon-viktimat-e-regjimit-komunist","status":"publish","type":"post","link":"https:\/\/zjarr.tv\/en\/shkodra-nderon-viktimat-e-regjimit-komunist\/","title":{"rendered":"Shkodra nderon viktimat e regjimit komunist"},"content":{"rendered":"<p>Dit\u00ebn e nes\u00ebrme, ora 18:00 n\u00eb qytetin e Shkodr\u00ebs do t\u00eb mbahet nj\u00eb aktivitet n\u00eb kuad\u00ebr t\u00eb kujtimit dhe nderimit t\u00eb viktimave t\u00eb regjimit komunist n\u00eb Shqip\u00ebri.<\/p>\n<p>Me k\u00ebt\u00eb rast, n\u00eb qytetin m\u00eb t\u00eb madh verior, dhe nj\u00eb nd\u00ebr m\u00eb t\u00eb vuajturit dhe t\u00eb p\u00ebrndjekurit gjat\u00eb regjimist Hoxhist, do t\u00eb ngrihet edhe nj\u00eb p\u00ebrmendore p\u00ebrkujtimore.<\/p>\n<p>\u201c20 Maj 2019 Shkodra p\u00ebrjet\u00ebson heronjt\u00eb e saj, vendos n\u00eb vendin e merituar prej dekadash, sakrific\u00ebn e mij\u00ebra qytetar\u00ebve t\u00eb vet n\u00eb p\u00ebrballjen me diktatur\u00ebn komuniste!\u201d, shkruan n\u00eb nj\u00eb postim t\u00eb sajin n\u00eb rrjetet sociale kryebashkiakja e Shkodr\u00ebs, Voltana Ademi.<\/p>\n<p>Ky \u00ebsht\u00eb aktiviteti i par\u00eb pasi n\u00eb dit\u00ebt q\u00eb pasojn\u00eb do t\u00eb ket\u00eb edhe aktivitete t\u00eb tjera, si\u00e7 tregohet edhe n\u00eb foton e m\u00ebposhtme.<\/p>\n<p>&nbsp;<\/p>","protected":false},"excerpt":{"rendered":"<p>Dit\u00ebn e nes\u00ebrme, ora 18:00 n\u00eb qytetin e Shkodr\u00ebs do t\u00eb mbahet nj\u00eb aktivitet n\u00eb kuad\u00ebr t\u00eb kujtimit dhe nderimit t\u00eb viktimave t\u00eb regjimit komunist n\u00eb Shqip\u00ebri. Me k\u00ebt\u00eb rast, n\u00eb qytetin m\u00eb t\u00eb madh verior, dhe nj\u00eb nd\u00ebr m\u00eb t\u00eb vuajturit dhe t\u00eb p\u00ebrndjekurit gjat\u00eb regjimist Hoxhist, do t\u00eb ngrihet edhe nj\u00eb p\u00ebrmendore p\u00ebrkujtimore. [&hellip;]<\/p>\n","protected":false},"author":2013,"featured_media":84726,"comment_status":"open","ping_status":"closed","sticky":false,"template":"","format":"standard","meta":{"footnotes":""},"categories":[241,235],"tags":[],"class_list":{"0":"post-84725","1":"post","2":"type-post","3":"status-publish","4":"format-standard","5":"has-post-thumbnail","7":"category-aktualitet","8":"category-vendi"},"_links":{"self":[{"href":"https:\/\/zjarr.tv\/en\/wp-json\/wp\/v2\/posts\/84725","targetHints":{"allow":["GET"]}}],"collection":[{"href":"https:\/\/zjarr.tv\/en\/wp-json\/wp\/v2\/posts"}],"about":[{"href":"https:\/\/zjarr.tv\/en\/wp-json\/wp\/v2\/types\/post"}],"author":[{"embeddable":true,"href":"https:\/\/zjarr.tv\/en\/wp-json\/wp\/v2\/users\/2013"}],"replies":[{"embeddable":true,"href":"https:\/\/zjarr.tv\/en\/wp-json\/wp\/v2\/comments?post=84725"}],"version-history":[{"count":0,"href":"https:\/\/zjarr.tv\/en\/wp-json\/wp\/v2\/posts\/84725\/revisions"}],"wp:featuredmedia":[{"embeddable":true,"href":"https:\/\/zjarr.tv\/en\/wp-json\/wp\/v2\/media\/84726"}],"wp:attachment":[{"href":"https:\/\/zjarr.tv\/en\/wp-json\/wp\/v2\/media?parent=84725"}],"wp:term":[{"taxonomy":"category","embeddable":true,"href":"https:\/\/zjarr.tv\/en\/wp-json\/wp\/v2\/categories?post=84725"},{"taxonomy":"post_tag","embeddable":true,"href":"https:\/\/zjarr.tv\/en\/wp-json\/wp\/v2\/tags?post=84725"}],"curies":[{"name":"wp","href":"https:\/\/api.w.org\/{rel}","templated":true}]}}