{"id":84735,"date":"2019-05-19T17:33:42","date_gmt":"2019-05-19T15:33:42","guid":{"rendered":"https:\/\/zjarr.tv\/?p=84735"},"modified":"2019-05-19T17:33:42","modified_gmt":"2019-05-19T15:33:42","slug":"ish-deputeti-mesazh-termet-pecit-nuk-do-jesh-me-kryebashkiak","status":"publish","type":"post","link":"https:\/\/zjarr.tv\/en\/ish-deputeti-mesazh-termet-pecit-nuk-do-jesh-me-kryebashkiak\/","title":{"rendered":"Ish-deputeti mesazh T\u00ebrmet Pe\u00e7it: Nuk do jesh m\u00eb kryebashkiak"},"content":{"rendered":"<p>Ish-deputeti i Partis\u00eb Demokratike, Tritan Shehu shprehet se\u00a0 kryebashkiaku i\u00a0 Tepelen\u00ebs, T\u00ebrmet Peci, nuk do t\u00eb arrij\u00eb t\u00eb marr\u00eb nj\u00eb tjet\u00ebr mandat n\u00eb k\u00ebt\u00eb bashki. P\u00ebrmes nj\u00eb postimi n\u00eb Facebook, Shehu shkruan se zgjedhjet nuk do t\u00eb b\u00ebhen m\u00eb 30 qershor, por kur mazhoranca t\u00eb mos ket\u00eb mund\u00ebsi t\u00eb blej\u00eb votat me parat\u00eb e drog\u00ebs.<\/p>\n<p>Postimi i plot\u00eb:<\/p>\n<p>Termet Peci, ti nuk do te jesh perseri kryebashkiaku i Tepelenes, nuk do te mund te blesh nje mandat tjeter!<br \/>\nDua t\u2019i them Termetit dhe te gjithe termetasve se zgjedhjet aty do te behen jo me 30 qershor, po vetem atehere kur ju te mos keni me mundesi te bleni votat me parate e droges, kur ju te mos mundeni me te terrorizoni fshtaret me \u201cgogolin\u201d e kanabist te kultivuar, per te cilin ne fakt ata kane paguar nje harac te larte atyre qe duhej ta ndalonin ate veprimtari kriminale, kur kriminelet e pasuruar me ato para te mos mund me te detyrojne qytetaret e nderuar te atyshem te votojne per klanin tuaj.<br \/>\nJam i bindur se sot tepelanisit po shqyhen se qeshuri kur degjojne premtimet e Termetit per nje \u201cmandat te ri\u201d.<\/p>\n<p>Premton qe do ta ktheje Tepelenen ne \u201cqender turistike\u201d, ne fakt vecse u mbush me kanabis gjate \u201dqeverisjes se tij\u201d (ne baze te ligjit ai sot duhet te ishte nen akuze).<\/p>\n<p>Kur ai premton turrizmin duhet ta kete fjalen per \u201cturizmin e kanabisit\u201d; koha tregoi qe ai vetem kete njeh.<br \/>\nPor pikerisht kete Tepelena e perbuz, se bashku me Termetin!<br \/>\nTermeti dy mandatesh e le sot Tepelenen me nje infrastrukture te shkaterruar ne terresi, uji, energjia elektrike, sistemet bonifikuese, vaditese nje mjerim i plote, mbeshtetja e blektorise e vaksinimi i saj jane harruar krejt.<br \/>\nRruget rurale as nuk duhen permendur; po Rruga e Lopesit, nje premtim i madh i tij? Per te mos folur per \u201cBoshtin i Jugut\u201d, qe eshte futur 10 pashe nen dhe!<br \/>\nPo spitali i Tepelenes, qe eshte kthyer ne nje karakatine te plote?<br \/>\nA mund te me thote dikush sa here eshte rritur papunesia, varferia, braktisja e Tepelenes etj, ndersa edhe perkrahja sociale ka ngelur nje cerek, etj, etj.<br \/>\nPrandaj kot e ke o Termet, koha juaj ka perenduar.<\/p>\n<p>&nbsp;<\/p>","protected":false},"excerpt":{"rendered":"<p>Ish-deputeti i Partis\u00eb Demokratike, Tritan Shehu shprehet se\u00a0 kryebashkiaku i\u00a0 Tepelen\u00ebs, T\u00ebrmet Peci, nuk do t\u00eb arrij\u00eb t\u00eb marr\u00eb nj\u00eb tjet\u00ebr mandat n\u00eb k\u00ebt\u00eb bashki. P\u00ebrmes nj\u00eb postimi n\u00eb Facebook, Shehu shkruan se zgjedhjet nuk do t\u00eb b\u00ebhen m\u00eb 30 qershor, por kur mazhoranca t\u00eb mos ket\u00eb mund\u00ebsi t\u00eb blej\u00eb votat me parat\u00eb e drog\u00ebs. [&hellip;]<\/p>\n","protected":false},"author":2013,"featured_media":0,"comment_status":"open","ping_status":"closed","sticky":false,"template":"","format":"standard","meta":{"footnotes":""},"categories":[241,235],"tags":[],"class_list":{"0":"post-84735","1":"post","2":"type-post","3":"status-publish","4":"format-standard","6":"category-aktualitet","7":"category-vendi"},"_links":{"self":[{"href":"https:\/\/zjarr.tv\/en\/wp-json\/wp\/v2\/posts\/84735","targetHints":{"allow":["GET"]}}],"collection":[{"href":"https:\/\/zjarr.tv\/en\/wp-json\/wp\/v2\/posts"}],"about":[{"href":"https:\/\/zjarr.tv\/en\/wp-json\/wp\/v2\/types\/post"}],"author":[{"embeddable":true,"href":"https:\/\/zjarr.tv\/en\/wp-json\/wp\/v2\/users\/2013"}],"replies":[{"embeddable":true,"href":"https:\/\/zjarr.tv\/en\/wp-json\/wp\/v2\/comments?post=84735"}],"version-history":[{"count":0,"href":"https:\/\/zjarr.tv\/en\/wp-json\/wp\/v2\/posts\/84735\/revisions"}],"wp:attachment":[{"href":"https:\/\/zjarr.tv\/en\/wp-json\/wp\/v2\/media?parent=84735"}],"wp:term":[{"taxonomy":"category","embeddable":true,"href":"https:\/\/zjarr.tv\/en\/wp-json\/wp\/v2\/categories?post=84735"},{"taxonomy":"post_tag","embeddable":true,"href":"https:\/\/zjarr.tv\/en\/wp-json\/wp\/v2\/tags?post=84735"}],"curies":[{"name":"wp","href":"https:\/\/api.w.org\/{rel}","templated":true}]}}