{"id":85850,"date":"2019-05-26T12:33:34","date_gmt":"2019-05-26T10:33:34","guid":{"rendered":"https:\/\/zjarr.tv\/?p=85850"},"modified":"2019-05-26T12:33:34","modified_gmt":"2019-05-26T10:33:34","slug":"basha-kokeforte-asnje-hap-pas-demokracine-nuk-e-japim","status":"publish","type":"post","link":"https:\/\/zjarr.tv\/en\/basha-kokeforte-asnje-hap-pas-demokracine-nuk-e-japim\/","title":{"rendered":"Basha \u201ckok\u00ebfort\u00eb\u201d: Asnj\u00eb hap pas, demokracin\u00eb nuk e japim!"},"content":{"rendered":"<p>Pas letr\u00ebs s\u00eb pest\u00eb publike t\u00eb kryeministrit Edi Rama, i cili e ftonte n\u00eb dialog ka reaguar kreu i opozit\u00ebs, Lulzim Basha.<\/p>\n<p>N\u00eb nj\u00eb postim n\u00eb facebook, Basha shkruan se opozita nuk do t\u00eb b\u00ebj\u00eb asnj\u00eb hap pas, nd\u00ebrsa thekon se beteja p\u00ebr demokracion\u00eb \u00ebsht\u00eb misioni m\u00eb i madh dhe fisnik, q\u00eb nuk duhet dor\u00ebzuar.<\/p>\n<p><strong>Postimi i Bash\u00ebs:\u00a0<\/strong><\/p>\n<p><em>Ne jemi Populli i Europ\u00ebs, ne jemi Populli i Liris\u00eb, ne jemi Populli i Demokracis\u00eb. Ne jemi njer\u00ebz q\u00eb besojm\u00eb n\u00eb vlera, besojm\u00eb tek dinjiteti i njeriut, besojm\u00eb tek familja, besojm\u00eb tek atdheu.<\/em><\/p>\n<p><em>Demokracin\u00eb nuk e japim, t\u00eb drejtat dhe lirit\u00eb tona nuk i dor\u00ebzojm\u00eb. Beteja p\u00ebr to \u00ebsht\u00eb misioni m\u00eb i madh dhe m\u00eb fisnik i njeriut t\u00eb lir\u00eb. Beteja me t\u00eb keqen, po e \u00e7liron dhe fisnik\u00ebron shoq\u00ebris\u00eb dhe kombit ton\u00eb.<\/em><\/p>\n<p><em>Forca jon\u00eb \u00ebsht\u00eb bashkimi, forca jon\u00eb \u00ebsht\u00eb q\u00ebndresa, forca jon\u00eb \u00ebsht\u00eb p\u00ebrballja deri n\u00eb fitoren e k\u00ebsaj beteje p\u00ebr Shqip\u00ebrin\u00eb si gjith\u00eb Europa. Asnj\u00eb hap pas! #Shqip\u00ebriaSiEuropa<\/em><\/p>\n<p>&nbsp;<\/p>","protected":false},"excerpt":{"rendered":"<p>Pas letr\u00ebs s\u00eb pest\u00eb publike t\u00eb kryeministrit Edi Rama, i cili e ftonte n\u00eb dialog ka reaguar kreu i opozit\u00ebs, Lulzim Basha. N\u00eb nj\u00eb postim n\u00eb facebook, Basha shkruan se opozita nuk do t\u00eb b\u00ebj\u00eb asnj\u00eb hap pas, nd\u00ebrsa thekon se beteja p\u00ebr demokracion\u00eb \u00ebsht\u00eb misioni m\u00eb i madh dhe fisnik, q\u00eb nuk duhet dor\u00ebzuar. [&hellip;]<\/p>\n","protected":false},"author":2013,"featured_media":85851,"comment_status":"open","ping_status":"closed","sticky":false,"template":"","format":"standard","meta":{"footnotes":""},"categories":[241,235],"tags":[],"class_list":{"0":"post-85850","1":"post","2":"type-post","3":"status-publish","4":"format-standard","5":"has-post-thumbnail","7":"category-aktualitet","8":"category-vendi"},"_links":{"self":[{"href":"https:\/\/zjarr.tv\/en\/wp-json\/wp\/v2\/posts\/85850","targetHints":{"allow":["GET"]}}],"collection":[{"href":"https:\/\/zjarr.tv\/en\/wp-json\/wp\/v2\/posts"}],"about":[{"href":"https:\/\/zjarr.tv\/en\/wp-json\/wp\/v2\/types\/post"}],"author":[{"embeddable":true,"href":"https:\/\/zjarr.tv\/en\/wp-json\/wp\/v2\/users\/2013"}],"replies":[{"embeddable":true,"href":"https:\/\/zjarr.tv\/en\/wp-json\/wp\/v2\/comments?post=85850"}],"version-history":[{"count":0,"href":"https:\/\/zjarr.tv\/en\/wp-json\/wp\/v2\/posts\/85850\/revisions"}],"wp:featuredmedia":[{"embeddable":true,"href":"https:\/\/zjarr.tv\/en\/wp-json\/wp\/v2\/media\/85851"}],"wp:attachment":[{"href":"https:\/\/zjarr.tv\/en\/wp-json\/wp\/v2\/media?parent=85850"}],"wp:term":[{"taxonomy":"category","embeddable":true,"href":"https:\/\/zjarr.tv\/en\/wp-json\/wp\/v2\/categories?post=85850"},{"taxonomy":"post_tag","embeddable":true,"href":"https:\/\/zjarr.tv\/en\/wp-json\/wp\/v2\/tags?post=85850"}],"curies":[{"name":"wp","href":"https:\/\/api.w.org\/{rel}","templated":true}]}}