{"id":86147,"date":"2019-05-27T20:30:01","date_gmt":"2019-05-27T18:30:01","guid":{"rendered":"https:\/\/zjarr.tv\/?p=86147"},"modified":"2019-05-27T16:47:14","modified_gmt":"2019-05-27T14:47:14","slug":"protesta-e-opozites-ben-lemsh-futbollin-ne-dyshim-finalja-e-kupes","status":"publish","type":"post","link":"https:\/\/zjarr.tv\/en\/protesta-e-opozites-ben-lemsh-futbollin-ne-dyshim-finalja-e-kupes\/","title":{"rendered":"Protesta e Opozit\u00ebs b\u00ebn &#8220;l\u00ebmsh&#8221; futbollin, n\u00eb dyshim finalja e Kup\u00ebs"},"content":{"rendered":"<p>Shtyrja e protest\u00ebs s\u00eb Opozit\u00ebs p\u00ebr dat\u00ebn 2 qershor mund t\u00eb ndikoj\u00eb indirekt te zhvillimet e futbollit shqiptar.<\/p>\n<p>Kjo pasi Federata Shqiptare e Futbollit kishte zgjedhur pik\u00ebrisht t\u00eb diel\u00ebn e k\u00ebsaj jave si dit\u00ebn kur do t\u00eb luhet finalja e Kup\u00ebs s\u00eb Shqip\u00ebris\u00eb, por duket se Opozita prish s\u00ebrish planet e saj.<\/p>\n<p>Sipas gjasave, p\u00ebrballja mes Kuk\u00ebsit dhe Tiran\u00ebs, e programuar p\u00ebr tu zhvilluar m\u00eb 2 qershor n\u00eb &#8220;Elbasan Arena&#8221; mund t\u00eb shtyhet. Kjo p\u00ebr shkak t\u00eb munges\u00ebs s\u00eb siguris\u00eb n\u00eb ambientet rreth stadiumit dhe jo vet\u00ebm, me Policin\u00eb e Shtetit q\u00eb duket se do t\u00eb &#8220;mbyll&#8221; syt\u00eb s\u00ebrish ndaj aktiviteteve sportive.<\/p>\n<p>Nj\u00eb gj\u00eb e till\u00eb ndodhi edhe me jav\u00ebn e 35-t\u00eb t\u00eb Kategoris\u00eb Superiore, e programuar p\u00ebr tu luajtur t\u00eb shtun\u00ebn e 25 majit, por u spostua p\u00ebr tu zhvilluar 24 or\u00eb m\u00eb von\u00eb p\u00ebr shkak t\u00eb protest\u00ebs s\u00eb Opozit\u00ebs.<\/p>\n<p>A do t\u00eb jet\u00eb i nj\u00ebjti skenar? Mbetet t\u00eb shihet &#8230;<\/p>\n<p>&nbsp;<\/p>","protected":false},"excerpt":{"rendered":"<p>Shtyrja e protest\u00ebs s\u00eb Opozit\u00ebs p\u00ebr dat\u00ebn 2 qershor mund t\u00eb ndikoj\u00eb indirekt te zhvillimet e futbollit shqiptar. Kjo pasi Federata Shqiptare e Futbollit kishte zgjedhur pik\u00ebrisht t\u00eb diel\u00ebn e k\u00ebsaj jave si dit\u00ebn kur do t\u00eb luhet finalja e Kup\u00ebs s\u00eb Shqip\u00ebris\u00eb, por duket se Opozita prish s\u00ebrish planet e saj. Sipas gjasave, p\u00ebrballja [&hellip;]<\/p>\n","protected":false},"author":2013,"featured_media":86148,"comment_status":"open","ping_status":"closed","sticky":false,"template":"","format":"standard","meta":{"footnotes":""},"categories":[241,192],"tags":[],"class_list":{"0":"post-86147","1":"post","2":"type-post","3":"status-publish","4":"format-standard","5":"has-post-thumbnail","7":"category-aktualitet","8":"category-sport"},"_links":{"self":[{"href":"https:\/\/zjarr.tv\/en\/wp-json\/wp\/v2\/posts\/86147","targetHints":{"allow":["GET"]}}],"collection":[{"href":"https:\/\/zjarr.tv\/en\/wp-json\/wp\/v2\/posts"}],"about":[{"href":"https:\/\/zjarr.tv\/en\/wp-json\/wp\/v2\/types\/post"}],"author":[{"embeddable":true,"href":"https:\/\/zjarr.tv\/en\/wp-json\/wp\/v2\/users\/2013"}],"replies":[{"embeddable":true,"href":"https:\/\/zjarr.tv\/en\/wp-json\/wp\/v2\/comments?post=86147"}],"version-history":[{"count":0,"href":"https:\/\/zjarr.tv\/en\/wp-json\/wp\/v2\/posts\/86147\/revisions"}],"wp:featuredmedia":[{"embeddable":true,"href":"https:\/\/zjarr.tv\/en\/wp-json\/wp\/v2\/media\/86148"}],"wp:attachment":[{"href":"https:\/\/zjarr.tv\/en\/wp-json\/wp\/v2\/media?parent=86147"}],"wp:term":[{"taxonomy":"category","embeddable":true,"href":"https:\/\/zjarr.tv\/en\/wp-json\/wp\/v2\/categories?post=86147"},{"taxonomy":"post_tag","embeddable":true,"href":"https:\/\/zjarr.tv\/en\/wp-json\/wp\/v2\/tags?post=86147"}],"curies":[{"name":"wp","href":"https:\/\/api.w.org\/{rel}","templated":true}]}}