{"id":86177,"date":"2019-05-27T21:20:26","date_gmt":"2019-05-27T19:20:26","guid":{"rendered":"https:\/\/zjarr.tv\/?p=86177"},"modified":"2019-05-27T17:19:57","modified_gmt":"2019-05-27T15:19:57","slug":"arrestohen-dy-te-dyshuar-per-sulmin-ne-lion-te-frances","status":"publish","type":"post","link":"https:\/\/zjarr.tv\/en\/arrestohen-dy-te-dyshuar-per-sulmin-ne-lion-te-frances\/","title":{"rendered":"Arrestohen dy t\u00eb dyshuar p\u00ebr sulmin n\u00eb Lion t\u00eb Franc\u00ebs"},"content":{"rendered":"<p>Policia n\u00eb Franc\u00eb arrestoi dy persona, pasi nj\u00eb bomb\u00eb e dyshuar shp\u00ebrtheu jav\u00ebn e kaluar n\u00eb qytetin Lion, duke plagosur 13 vet\u00eb. Pajisja shp\u00ebrtheu jasht\u00eb nj\u00eb furre t\u00eb buk\u00ebs, t\u00eb premten pasdite. Nj\u00eb nga t\u00eb arrestuarit, 24 vje\u00e7, \u00ebsht\u00eb bombarduesi i dyshuar, than\u00eb prokuror\u00ebt.<\/p>\n<p>Detaje p\u00ebr tjetrin nuk u dhan\u00eb. Hetimet po udh\u00ebhiqen nga prokuror\u00ebt anti-terroriz\u00ebm, n\u00eb koordinim me policin\u00eb e Lionit dhe sh\u00ebrbimin e brendsh\u00ebm francez t\u00eb siguris\u00eb. Mediat franceze thon\u00eb se nj\u00ebri nga t\u00eb dyshuarit \u00ebsht\u00eb student i teknologjis\u00eb informative, me shtet\u00ebsi algjeriane. I dyshuari i dyt\u00eb, sipas shtypit lokal, \u00ebsht\u00eb nj\u00eb i mitur, q\u00eb ndjek shkoll\u00ebn n\u00eb Lion.<\/p>\n<p>Ministri i Brendsh\u00ebm i Franc\u00ebs, Christophe Castaner, e konfirmoi nj\u00eb arrestim p\u00ebrmes nj\u00eb postimi n\u00eb Twitter, duke th\u00ebn\u00eb se veprimi i p\u00ebrbashk\u00ebt i disa agjencive ishte \u201cvendimtar\u201d. P\u00ebrgjegj\u00ebsin\u00eb p\u00ebr sulmin nuk e ka marr\u00eb ende asnj\u00eb grup. Sulmet e xhihadist\u00ebve me bomba kan\u00eb vrar\u00eb m\u00eb shum\u00eb se 250 njer\u00ebz n\u00eb Franc\u00eb q\u00eb nga viti 2015.<\/p>\n<p>&nbsp;<\/p>","protected":false},"excerpt":{"rendered":"<p>Policia n\u00eb Franc\u00eb arrestoi dy persona, pasi nj\u00eb bomb\u00eb e dyshuar shp\u00ebrtheu jav\u00ebn e kaluar n\u00eb qytetin Lion, duke plagosur 13 vet\u00eb. Pajisja shp\u00ebrtheu jasht\u00eb nj\u00eb furre t\u00eb buk\u00ebs, t\u00eb premten pasdite. Nj\u00eb nga t\u00eb arrestuarit, 24 vje\u00e7, \u00ebsht\u00eb bombarduesi i dyshuar, than\u00eb prokuror\u00ebt. Detaje p\u00ebr tjetrin nuk u dhan\u00eb. Hetimet po udh\u00ebhiqen nga prokuror\u00ebt [&hellip;]<\/p>\n","protected":false},"author":2013,"featured_media":86178,"comment_status":"open","ping_status":"closed","sticky":false,"template":"","format":"standard","meta":{"footnotes":""},"categories":[241,191],"tags":[],"class_list":{"0":"post-86177","1":"post","2":"type-post","3":"status-publish","4":"format-standard","5":"has-post-thumbnail","7":"category-aktualitet","8":"category-bota"},"_links":{"self":[{"href":"https:\/\/zjarr.tv\/en\/wp-json\/wp\/v2\/posts\/86177","targetHints":{"allow":["GET"]}}],"collection":[{"href":"https:\/\/zjarr.tv\/en\/wp-json\/wp\/v2\/posts"}],"about":[{"href":"https:\/\/zjarr.tv\/en\/wp-json\/wp\/v2\/types\/post"}],"author":[{"embeddable":true,"href":"https:\/\/zjarr.tv\/en\/wp-json\/wp\/v2\/users\/2013"}],"replies":[{"embeddable":true,"href":"https:\/\/zjarr.tv\/en\/wp-json\/wp\/v2\/comments?post=86177"}],"version-history":[{"count":0,"href":"https:\/\/zjarr.tv\/en\/wp-json\/wp\/v2\/posts\/86177\/revisions"}],"wp:featuredmedia":[{"embeddable":true,"href":"https:\/\/zjarr.tv\/en\/wp-json\/wp\/v2\/media\/86178"}],"wp:attachment":[{"href":"https:\/\/zjarr.tv\/en\/wp-json\/wp\/v2\/media?parent=86177"}],"wp:term":[{"taxonomy":"category","embeddable":true,"href":"https:\/\/zjarr.tv\/en\/wp-json\/wp\/v2\/categories?post=86177"},{"taxonomy":"post_tag","embeddable":true,"href":"https:\/\/zjarr.tv\/en\/wp-json\/wp\/v2\/tags?post=86177"}],"curies":[{"name":"wp","href":"https:\/\/api.w.org\/{rel}","templated":true}]}}