{"id":86183,"date":"2019-05-27T21:40:27","date_gmt":"2019-05-27T19:40:27","guid":{"rendered":"https:\/\/zjarr.tv\/?p=86183"},"modified":"2019-05-27T17:26:21","modified_gmt":"2019-05-27T15:26:21","slug":"haradinaj-kunder-idese-se-thacit-per-bashkim-me-shqiperine-duam-vetem-fqinjesi-te-mire","status":"publish","type":"post","link":"https:\/\/zjarr.tv\/en\/haradinaj-kunder-idese-se-thacit-per-bashkim-me-shqiperine-duam-vetem-fqinjesi-te-mire\/","title":{"rendered":"Haradinaj kund\u00ebr ides\u00eb s\u00eb Tha\u00e7it p\u00ebr bashkim me Shqip\u00ebrin\u00eb: Duam vet\u00ebm fqinj\u00ebsi t\u00eb mir\u00eb"},"content":{"rendered":"<p>Kryeministri Ramush Haradinaj, duke komentuar k\u00ebrkes\u00ebn e ministrit t\u00eb Pun\u00ebve t\u00eb Jashtme, Behgjet Pacolli i cili iu drejtua shefes s\u00eb BE-s\u00eb, Frederica Mogherini duke k\u00ebrkuar q\u00eb t\u00eb b\u00ebj\u00eb presion mbi lider\u00ebt serb\u00eb p\u00ebr mos ndalimin e zyrtar\u00ebve kosovar\u00eb nga ana e Serbis\u00eb, tha se jan\u00eb t\u00eb interesuar t\u00eb interesuart t\u00eb krijojn\u00eb raporte fqinj\u00ebsore me Serbin\u00eb, por pa e harruar t\u00eb kaluar\u00ebn.<\/p>\n<p>\u201cJemi n\u00eb Novob\u00ebrd\u00eb \u00ebsht\u00eb vend multietnik\u00eb jetojn\u00eb serb\u00eb, jetojn\u00eb shqiptar\u00eb, pra gjat\u00eb edhe ne jemi t\u00eb interesuar p\u00ebr nj\u00eb bashk\u00ebjetes\u00eb me nj\u00eb respekt t\u00eb nd\u00ebrsjell\u00eb. D\u00ebshirojm\u00eb t\u00eb respektohemi me fqinj\u00ebt tan\u00eb, pra edhe me Serbin\u00eb duhet t\u00eb vjen koha kur duhet t\u00eb respektojm\u00eb t\u00eb pajtohemi dy fqinj\u00eb. E kaluara \u00ebsht\u00eb e dhimbshme tragjike nuk e harrojm\u00eb por ne duhet me ec p\u00ebrpara t\u00eb tjerat jan\u00eb retorike\u201d, tha ai.<\/p>\n<p>I pari i vendit ka komentuar edhe deklarat\u00ebn e presidentit Thaci p\u00ebr bashkim me Shqip\u00ebrin\u00eb. Ai shmangi p\u00ebrgjigjen e drejtp\u00ebrdrejt\u00eb duke th\u00ebn\u00eb se jan\u00eb t\u00eb interesuar t\u00eb krijojn\u00eb vet\u00ebm fqinj\u00ebsi t\u00eb mir\u00eb me t\u00eb gjitha shtetet.<\/p>\n<p>\u201cShihni sa interesant\u00eb dhe d\u00ebshmia e katedrales q\u00eb sot e konfirmojm\u00eb rrug\u00ebn e gjat\u00eb t\u00eb jet\u00ebs dhe bashk\u00ebjetes\u00ebs, vlerave tona. Mendoj se do t\u00eb sh\u00ebrbehemi n\u00eb k\u00ebt\u00eb rrug\u00eb d\u00ebshirojm\u00eb me qen\u00eb v\u00ebrtet t\u00eb respektuesh\u00ebm p\u00ebr secilin q\u00eb jeton n\u00eb Kosov\u00eb, shqiptar\u00ebt, serb\u00ebt. Jemi me i respektua fqinj\u00ebt ashtu sikurse e dini marr\u00ebdh\u00ebniet me Maqedonin\u00eb Veriut, Malin e Zi, Shqip\u00ebrin\u00eb jan\u00eb t\u00eb mira, po v\u00ebshtir\u00ebsit\u00eb jan\u00eb me Serbin\u00eb, por \u00ebsht\u00eb \u00e7\u00ebshtje e vendimit p\u00ebr respektim t\u00eb nd\u00ebrsjell\u00eb t\u00eb kufijve ekzistues nga Serbia duke e njohur pavar\u00ebsin\u00eb e Kosov\u00ebs\u201d, tha ai.<\/p>\n<p>Haradinaj komentoi edhe seanc\u00ebn e parlamentit serb q\u00eb u mbajt p\u00ebr Kosov\u00ebn. Ai thot\u00eb se nuk e pengon interesimi i Serbis\u00eb p\u00ebr serb\u00ebt e Kosov\u00ebs.<\/p>\n<p>,\u201dK\u00ebto jan\u00eb diskutime t\u00eb brendshme e kam v\u00ebshtir\u00eb, interesimi p\u00ebr qytetar\u00ebt serb\u00eb q\u00eb jetojn\u00eb n\u00eb Kosov\u00eb \u00ebsht\u00eb i mir\u00ebseardhur, le t\u00eb interesohet edhe Serbia, le t\u00eb ju jep p\u00ebrkrahje p\u00ebr nj\u00eb jet\u00eb m\u00eb t\u00eb mir\u00eb, kjo nuk na pengon ne q\u00eb po ashtu mi krye obligimet tona ndaj qytetar\u00ebve tan\u00eb serb\u00eb t\u00eb Kosov\u00ebs. Jemi t\u00eb interesuar q\u00eb qytetar\u00ebt e Kosov\u00ebs, serb\u00ebt e Kosov\u00ebs t\u00eb ndihen munges\u00ebn e askujt tjet\u00ebr jasht\u00eb Kosove. Pra ata t\u00eb jen\u00eb t\u00eb sigurt q\u00eb n\u00eb Kosov\u00eb i gjejn\u00eb te gjitha p\u00ebrgjigjet, ka p\u00ebrparime ka p\u00ebrkrahje p\u00ebr komunat p\u00ebr qytetar\u00ebt n\u00eb p\u00ebrgjith\u00ebsi .<\/p>\n<p>Kurse sa i p\u00ebrket Takimit t\u00eb Parisit Haradinaj tha se jan\u00eb duke u takuar vazhdimisht me krer\u00ebt q\u00eb do t\u00eb p\u00ebrfaq\u00ebsojn\u00eb Kosov\u00ebn.<\/p>\n<p>\u201cBesoj s\u00eb shpejti do t\u00eb ndodhin takime konkrete kemi pas konsulta t\u00eb para t\u00eb nd\u00ebrsjella ju e dini menj\u00ebher\u00eb pas kthimit nga Berlini jemi takua me Presidentin, Kryeparlamentarin, ka qen\u00eb edhe z. Limaj, kam pas takime edhe me z. Ahmetin jan\u00eb konsulta takime t\u00eb rregullta t\u00eb vazhdueshme\u201d.<\/p>\n<p>K\u00ebto komente Haradinaj i b\u00ebri n\u00eb Artan\u00eb me rastin e inaugurimit t\u00eb restaurimit t\u00eb katedrales.<\/p>\n<p>&nbsp;<\/p>","protected":false},"excerpt":{"rendered":"<p>Kryeministri Ramush Haradinaj, duke komentuar k\u00ebrkes\u00ebn e ministrit t\u00eb Pun\u00ebve t\u00eb Jashtme, Behgjet Pacolli i cili iu drejtua shefes s\u00eb BE-s\u00eb, Frederica Mogherini duke k\u00ebrkuar q\u00eb t\u00eb b\u00ebj\u00eb presion mbi lider\u00ebt serb\u00eb p\u00ebr mos ndalimin e zyrtar\u00ebve kosovar\u00eb nga ana e Serbis\u00eb, tha se jan\u00eb t\u00eb interesuar t\u00eb interesuart t\u00eb krijojn\u00eb raporte fqinj\u00ebsore me Serbin\u00eb, [&hellip;]<\/p>\n","protected":false},"author":2013,"featured_media":69135,"comment_status":"open","ping_status":"closed","sticky":false,"template":"","format":"standard","meta":{"footnotes":""},"categories":[241,2],"tags":[],"class_list":{"0":"post-86183","1":"post","2":"type-post","3":"status-publish","4":"format-standard","5":"has-post-thumbnail","7":"category-aktualitet","8":"category-rajoni"},"_links":{"self":[{"href":"https:\/\/zjarr.tv\/en\/wp-json\/wp\/v2\/posts\/86183","targetHints":{"allow":["GET"]}}],"collection":[{"href":"https:\/\/zjarr.tv\/en\/wp-json\/wp\/v2\/posts"}],"about":[{"href":"https:\/\/zjarr.tv\/en\/wp-json\/wp\/v2\/types\/post"}],"author":[{"embeddable":true,"href":"https:\/\/zjarr.tv\/en\/wp-json\/wp\/v2\/users\/2013"}],"replies":[{"embeddable":true,"href":"https:\/\/zjarr.tv\/en\/wp-json\/wp\/v2\/comments?post=86183"}],"version-history":[{"count":0,"href":"https:\/\/zjarr.tv\/en\/wp-json\/wp\/v2\/posts\/86183\/revisions"}],"wp:featuredmedia":[{"embeddable":true,"href":"https:\/\/zjarr.tv\/en\/wp-json\/wp\/v2\/media\/69135"}],"wp:attachment":[{"href":"https:\/\/zjarr.tv\/en\/wp-json\/wp\/v2\/media?parent=86183"}],"wp:term":[{"taxonomy":"category","embeddable":true,"href":"https:\/\/zjarr.tv\/en\/wp-json\/wp\/v2\/categories?post=86183"},{"taxonomy":"post_tag","embeddable":true,"href":"https:\/\/zjarr.tv\/en\/wp-json\/wp\/v2\/tags?post=86183"}],"curies":[{"name":"wp","href":"https:\/\/api.w.org\/{rel}","templated":true}]}}