{"id":86207,"date":"2019-05-27T22:10:28","date_gmt":"2019-05-27T20:10:28","guid":{"rendered":"https:\/\/zjarr.tv\/?p=86207"},"modified":"2019-05-27T17:43:22","modified_gmt":"2019-05-27T15:43:22","slug":"13-termete-ne-kalabri-njerezit-ikin-nga-shtepite","status":"publish","type":"post","link":"https:\/\/zjarr.tv\/en\/13-termete-ne-kalabri-njerezit-ikin-nga-shtepite\/","title":{"rendered":"13 t\u00ebrmete n\u00eb Kalabri, njer\u00ebzit ikin nga sht\u00ebpit\u00eb"},"content":{"rendered":"<p>Nj\u00eb mori\u00a0t\u00ebrmetesh po godet Kalabrin\u00eb,\u00a0pas t\u00ebrmetit t\u00eb par\u00eb n\u00eb mesnat\u00eb, q\u00eb i zgjoi\u00a0t\u00eb gjith\u00eb n\u00eb panik n\u00eb or\u00ebn 1:31 t\u00eb s\u00eb h\u00ebn\u00ebs\u00a0dhe b\u00ebri\u00a0q\u00eb mij\u00ebra njer\u00ebz t&#8217;ia mbathin\u00a0nga sht\u00ebpit\u00eb.\u00a0N\u00eb Serre dhe fush\u00ebn e Xhoia Tauro, l\u00ebkundja sizmike u ndje maksimalisht dhe ishte 3.6 ball\u00eb, kurse\u00a0n\u00eb Mercalli\u00a0\u00a0arriti deri n\u00eb 5 ball\u00eb!<\/p>\n<p>K\u00ebto or\u00eb, prej atij momenti jan\u00eb shfaqur shum\u00eb dridhje t\u00eb tjera, ve\u00e7an\u00ebrisht k\u00ebto minuta t\u00eb fundit me nj\u00eb magnitut\u00eb prej 2,9 ball\u00eb. Kjo \u00ebsht\u00eb lista e plot\u00eb:<\/p>\n<p>ora 01:31 \u2013 magnituta 3.6 n\u00eb nj\u00eb thell\u00ebsi prej 9.7km<\/p>\n<p>ora 01:33 \u2013 magnituta 2.3 n\u00eb nj\u00eb thell\u00ebsi prej 10.0km<\/p>\n<p>ora 01:40 \u2013 magnituta 1.2 n\u00eb nj\u00eb thell\u00ebsi prej 9.7km<\/p>\n<p>ora 01:42 \u2013 magnituta 1.7 n\u00eb nj\u00eb thell\u00ebsi prej 10.4km<\/p>\n<p>ore 01:59 \u2013 magnituta 1.2 n\u00eb nj\u00eb thell\u00ebsi prej 10.0km<\/p>\n<p>ora 02:40 \u2013 magnituta 1.3 n\u00eb nj\u00eb thell\u00ebsi prej 9.8km<\/p>\n<p>ora 02:42 \u2013 magnituta 1.5 n\u00eb nj\u00eb thell\u00ebsi prej 9.6km<\/p>\n<p>ora 02:58 \u2013 magnituta 1.3 n\u00eb nj\u00eb thell\u00ebsi prej 9.9km<\/p>\n<p>ora 03:11 \u2013 magnituta 1.2 n\u00eb nj\u00eb thell\u00ebsi prej 7.9km<\/p>\n<p>ore 03:15 \u2013 magnituta 1.9 n\u00eb nj\u00eb thell\u00ebsi prej 10.8km<\/p>\n<p>ora 07:42 \u2013 magnituta 1.4 n\u00eb nj\u00eb thell\u00ebsi prej 10.0km<\/p>\n<p>ora 09:13 \u2013 magnituta 1.3 n\u00eb nj\u00eb thell\u00ebsi prej 8.2km<\/p>\n<p>ora 13:27 \u2013 magnituta 2.9 n\u00eb nj\u00eb thell\u00ebsi prej 8.8km<\/p>\n<p>&nbsp;<\/p>","protected":false},"excerpt":{"rendered":"<p>Nj\u00eb mori\u00a0t\u00ebrmetesh po godet Kalabrin\u00eb,\u00a0pas t\u00ebrmetit t\u00eb par\u00eb n\u00eb mesnat\u00eb, q\u00eb i zgjoi\u00a0t\u00eb gjith\u00eb n\u00eb panik n\u00eb or\u00ebn 1:31 t\u00eb s\u00eb h\u00ebn\u00ebs\u00a0dhe b\u00ebri\u00a0q\u00eb mij\u00ebra njer\u00ebz t&#8217;ia mbathin\u00a0nga sht\u00ebpit\u00eb.\u00a0N\u00eb Serre dhe fush\u00ebn e Xhoia Tauro, l\u00ebkundja sizmike u ndje maksimalisht dhe ishte 3.6 ball\u00eb, kurse\u00a0n\u00eb Mercalli\u00a0\u00a0arriti deri n\u00eb 5 ball\u00eb! K\u00ebto or\u00eb, prej atij momenti jan\u00eb [&hellip;]<\/p>\n","protected":false},"author":2013,"featured_media":58091,"comment_status":"open","ping_status":"closed","sticky":false,"template":"","format":"standard","meta":{"footnotes":""},"categories":[241,191],"tags":[],"class_list":{"0":"post-86207","1":"post","2":"type-post","3":"status-publish","4":"format-standard","5":"has-post-thumbnail","7":"category-aktualitet","8":"category-bota"},"_links":{"self":[{"href":"https:\/\/zjarr.tv\/en\/wp-json\/wp\/v2\/posts\/86207","targetHints":{"allow":["GET"]}}],"collection":[{"href":"https:\/\/zjarr.tv\/en\/wp-json\/wp\/v2\/posts"}],"about":[{"href":"https:\/\/zjarr.tv\/en\/wp-json\/wp\/v2\/types\/post"}],"author":[{"embeddable":true,"href":"https:\/\/zjarr.tv\/en\/wp-json\/wp\/v2\/users\/2013"}],"replies":[{"embeddable":true,"href":"https:\/\/zjarr.tv\/en\/wp-json\/wp\/v2\/comments?post=86207"}],"version-history":[{"count":0,"href":"https:\/\/zjarr.tv\/en\/wp-json\/wp\/v2\/posts\/86207\/revisions"}],"wp:featuredmedia":[{"embeddable":true,"href":"https:\/\/zjarr.tv\/en\/wp-json\/wp\/v2\/media\/58091"}],"wp:attachment":[{"href":"https:\/\/zjarr.tv\/en\/wp-json\/wp\/v2\/media?parent=86207"}],"wp:term":[{"taxonomy":"category","embeddable":true,"href":"https:\/\/zjarr.tv\/en\/wp-json\/wp\/v2\/categories?post=86207"},{"taxonomy":"post_tag","embeddable":true,"href":"https:\/\/zjarr.tv\/en\/wp-json\/wp\/v2\/tags?post=86207"}],"curies":[{"name":"wp","href":"https:\/\/api.w.org\/{rel}","templated":true}]}}