{"id":86233,"date":"2019-05-28T11:50:16","date_gmt":"2019-05-28T09:50:16","guid":{"rendered":"https:\/\/zjarr.tv\/?p=86233"},"modified":"2019-05-28T11:50:16","modified_gmt":"2019-05-28T09:50:16","slug":"kriza-delegacioni-i-larte-i-shba-takime-me-lideret-ne-tirane","status":"publish","type":"post","link":"https:\/\/zjarr.tv\/en\/kriza-delegacioni-i-larte-i-shba-takime-me-lideret-ne-tirane\/","title":{"rendered":"Kriza, delegacioni i lart\u00eb i SHBA takime me lider\u00ebt n\u00eb Tiran\u00eb"},"content":{"rendered":"<p>Kriza politike dhe mungesa e dialogut mes pal\u00ebve n\u00eb Shqip\u00ebri po ndiqet me interes edhe nga diplomat\u00ebt e huaj si n\u00eb Europ\u00eb ashtu edhe n\u00eb Shtetet e Bashkuara t\u00eb Amerik\u00ebs.<\/p>\n<p>Delegacioni i Kongresit Amerikan dhe K\u00ebshilli i Atlantikut n\u00eb k\u00ebto momente po zhvillojn\u00eb nj\u00eb takim me shefin e qeveris\u00eb, nd\u00ebrsa m\u00eb her\u00ebt ata pat\u00ebn takim edhe me Kreun e Shtetit, Ilir Meta. Ende nuk ka detaje p\u00ebr at\u00eb se \u00e7far\u00eb \u00ebsht\u00eb diskutuar mes pal\u00ebve. Gjithashtu n\u00eb or\u00ebn 11:15 ky delegacion\u00a0 ka planifikuar\u00a0 takim me kryetarin e Kuvendit Gramoz Ruci si dhe me kreun e Partis\u00eb Demokratike, Lulzim Basha n\u00eb or\u00ebn 15:30 minuta.<\/p>\n<p>Kryeministri Edi Rama prej dit\u00ebsh nuk ka ngurruar t\u2019i drejtohet liderit t\u00eb Partis\u00eb Demokratike, Lulzim Bash\u00ebs me letra publike, ku i ka k\u00ebrkuar dialog pa kushte. Nga ana tjet\u00ebr k\u00ebto thirrje jan\u00eb hedhur posht\u00eb nga lideri i selis\u00eb blu, i cili ka rip\u00ebrs\u00ebritur \u00a0faktin se kushti i par\u00eb i zgjidhjes s\u00eb kriz\u00ebs \u00ebsht\u00eb largimi i kryeministrit Edi Rama dhe krijimin i qeveris\u00eb tranzitore.<\/p>\n<p>Presidenti Ilir Meta ka qen\u00eb tejet aktiv n\u00eb lidhje me kriz\u00ebn politike, nd\u00ebrsa ka b\u00ebr\u00eb apel t\u00eb vazhduesh\u00ebm q\u00eb pal\u00ebt t\u00eb ulen urgjentisht p\u00ebr gjetjen e dialogut, si parakusht, p\u00ebr vijimin e reformave dhe integrimin e vendit n\u00eb BE.<\/p>\n<p>&nbsp;<\/p>","protected":false},"excerpt":{"rendered":"<p>Kriza politike dhe mungesa e dialogut mes pal\u00ebve n\u00eb Shqip\u00ebri po ndiqet me interes edhe nga diplomat\u00ebt e huaj si n\u00eb Europ\u00eb ashtu edhe n\u00eb Shtetet e Bashkuara t\u00eb Amerik\u00ebs. Delegacioni i Kongresit Amerikan dhe K\u00ebshilli i Atlantikut n\u00eb k\u00ebto momente po zhvillojn\u00eb nj\u00eb takim me shefin e qeveris\u00eb, nd\u00ebrsa m\u00eb her\u00ebt ata pat\u00ebn takim [&hellip;]<\/p>\n","protected":false},"author":4,"featured_media":86234,"comment_status":"open","ping_status":"closed","sticky":false,"template":"","format":"standard","meta":{"footnotes":""},"categories":[241,231,235],"tags":[],"class_list":{"0":"post-86233","1":"post","2":"type-post","3":"status-publish","4":"format-standard","5":"has-post-thumbnail","7":"category-aktualitet","8":"category-lajme","9":"category-vendi"},"_links":{"self":[{"href":"https:\/\/zjarr.tv\/en\/wp-json\/wp\/v2\/posts\/86233","targetHints":{"allow":["GET"]}}],"collection":[{"href":"https:\/\/zjarr.tv\/en\/wp-json\/wp\/v2\/posts"}],"about":[{"href":"https:\/\/zjarr.tv\/en\/wp-json\/wp\/v2\/types\/post"}],"author":[{"embeddable":true,"href":"https:\/\/zjarr.tv\/en\/wp-json\/wp\/v2\/users\/4"}],"replies":[{"embeddable":true,"href":"https:\/\/zjarr.tv\/en\/wp-json\/wp\/v2\/comments?post=86233"}],"version-history":[{"count":0,"href":"https:\/\/zjarr.tv\/en\/wp-json\/wp\/v2\/posts\/86233\/revisions"}],"wp:featuredmedia":[{"embeddable":true,"href":"https:\/\/zjarr.tv\/en\/wp-json\/wp\/v2\/media\/86234"}],"wp:attachment":[{"href":"https:\/\/zjarr.tv\/en\/wp-json\/wp\/v2\/media?parent=86233"}],"wp:term":[{"taxonomy":"category","embeddable":true,"href":"https:\/\/zjarr.tv\/en\/wp-json\/wp\/v2\/categories?post=86233"},{"taxonomy":"post_tag","embeddable":true,"href":"https:\/\/zjarr.tv\/en\/wp-json\/wp\/v2\/tags?post=86233"}],"curies":[{"name":"wp","href":"https:\/\/api.w.org\/{rel}","templated":true}]}}