{"id":86236,"date":"2019-05-28T11:51:42","date_gmt":"2019-05-28T09:51:42","guid":{"rendered":"https:\/\/zjarr.tv\/?p=86236"},"modified":"2019-05-28T11:51:42","modified_gmt":"2019-05-28T09:51:42","slug":"zbardhen-temat-ja-cfare-diskutoi-meta-me-delegacionin-e-shba","status":"publish","type":"post","link":"https:\/\/zjarr.tv\/en\/zbardhen-temat-ja-cfare-diskutoi-meta-me-delegacionin-e-shba\/","title":{"rendered":"Zbardhen temat, ja \u00e7far\u00eb diskutoi Meta me delegacionin e SHBA"},"content":{"rendered":"<p>Presidenti i vendit, Ilir Meta priti k\u00ebt\u00eb t\u00eb mart\u00eb nj\u00eb delegacion t\u00eb stafeve drejtuese t\u00eb Senatit e Kongresit Amerikan dhe K\u00ebshillit t\u00eb Atlantikut, nd\u00ebrsa jan\u00eb publikuar edhe temat q\u00eb kan\u00eb qen\u00eb n\u00eb fokus t\u00eb takimit.<\/p>\n<p>Me nj\u00eb njoftim t\u00eb shp\u00ebrndar\u00eb p\u00ebr mediat, kreu i shtetit thot\u00eb se me delegacionin e SHBA-s\u00eb n\u00eb Tiran\u00eb ka diskutuar mbi tema aktuale , zgjidhjen sa m\u00eb shpejt t\u00eb kriz\u00ebs politike dhe rolin q\u00eb ka Shqip\u00ebria n\u00eb rajon dhe m\u00eb gjer\u00eb si faktor stabiliteti.<\/p>\n<p>\u201cPresidenti i Republik\u00ebs Sh.T.Z Ilir Meta priti sot nj\u00eb delegacion me p\u00ebrfaq\u00ebsues t\u00eb stafeve drejtues t\u00eb Senatit e Kongresit Amerikan, si dhe t\u00eb K\u00ebshillit t\u00eb Atlantikut me qend\u00ebr n\u00eb Uashington DC, t\u00eb kryesuar nga z.Damon \u00cbilson.<\/p>\n<p>Presidenti Meta njohu delegacionin mbi zhvillimet dhe sfidat n\u00eb rajon, prioritetet e Shqip\u00ebris\u00eb n\u00eb kontekstin e integrimit europian, si edhe me domosdoshm\u00ebrin\u00eb e bashk\u00ebpunimit strategjik midis Shqip\u00ebris\u00eb dhe SHBA.<\/p>\n<p>Zhvillimet e brendshme politike, zgjidhja sa m\u00eb e shpejt\u00eb e kriz\u00ebs aktuale dhe nevoja p\u00ebr reflektim t\u00eb menj\u00ebhersh\u00ebm, zbatimi e implementimi i reform\u00ebs n\u00eb drejt\u00ebsi mb\u00ebshtetur n\u00eb shinat kushtetuese, hedhja e hapave t\u00eb nevojshme drejt integrimit n\u00eb BE dhe roli i r\u00ebnd\u00ebsish\u00ebm i Shqip\u00ebris\u00eb n\u00eb rajon si faktor ky\u00e7 p\u00ebr stabilitetin, ishin temat kryesore t\u00eb diskutimit\u201d, njofton presidenca.<\/p>\n<p>&nbsp;<\/p>","protected":false},"excerpt":{"rendered":"<p>Presidenti i vendit, Ilir Meta priti k\u00ebt\u00eb t\u00eb mart\u00eb nj\u00eb delegacion t\u00eb stafeve drejtuese t\u00eb Senatit e Kongresit Amerikan dhe K\u00ebshillit t\u00eb Atlantikut, nd\u00ebrsa jan\u00eb publikuar edhe temat q\u00eb kan\u00eb qen\u00eb n\u00eb fokus t\u00eb takimit. Me nj\u00eb njoftim t\u00eb shp\u00ebrndar\u00eb p\u00ebr mediat, kreu i shtetit thot\u00eb se me delegacionin e SHBA-s\u00eb n\u00eb Tiran\u00eb ka diskutuar [&hellip;]<\/p>\n","protected":false},"author":4,"featured_media":86237,"comment_status":"open","ping_status":"closed","sticky":false,"template":"","format":"standard","meta":{"footnotes":""},"categories":[241,231,235],"tags":[],"class_list":{"0":"post-86236","1":"post","2":"type-post","3":"status-publish","4":"format-standard","5":"has-post-thumbnail","7":"category-aktualitet","8":"category-lajme","9":"category-vendi"},"_links":{"self":[{"href":"https:\/\/zjarr.tv\/en\/wp-json\/wp\/v2\/posts\/86236","targetHints":{"allow":["GET"]}}],"collection":[{"href":"https:\/\/zjarr.tv\/en\/wp-json\/wp\/v2\/posts"}],"about":[{"href":"https:\/\/zjarr.tv\/en\/wp-json\/wp\/v2\/types\/post"}],"author":[{"embeddable":true,"href":"https:\/\/zjarr.tv\/en\/wp-json\/wp\/v2\/users\/4"}],"replies":[{"embeddable":true,"href":"https:\/\/zjarr.tv\/en\/wp-json\/wp\/v2\/comments?post=86236"}],"version-history":[{"count":0,"href":"https:\/\/zjarr.tv\/en\/wp-json\/wp\/v2\/posts\/86236\/revisions"}],"wp:featuredmedia":[{"embeddable":true,"href":"https:\/\/zjarr.tv\/en\/wp-json\/wp\/v2\/media\/86237"}],"wp:attachment":[{"href":"https:\/\/zjarr.tv\/en\/wp-json\/wp\/v2\/media?parent=86236"}],"wp:term":[{"taxonomy":"category","embeddable":true,"href":"https:\/\/zjarr.tv\/en\/wp-json\/wp\/v2\/categories?post=86236"},{"taxonomy":"post_tag","embeddable":true,"href":"https:\/\/zjarr.tv\/en\/wp-json\/wp\/v2\/tags?post=86236"}],"curies":[{"name":"wp","href":"https:\/\/api.w.org\/{rel}","templated":true}]}}