{"id":86242,"date":"2019-05-28T11:56:36","date_gmt":"2019-05-28T09:56:36","guid":{"rendered":"https:\/\/zjarr.tv\/?p=86242"},"modified":"2019-05-28T11:56:36","modified_gmt":"2019-05-28T09:56:36","slug":"edi-reja-publikon-listen-fshin-partizanin-rikthen-rebelet","status":"publish","type":"post","link":"https:\/\/zjarr.tv\/en\/edi-reja-publikon-listen-fshin-partizanin-rikthen-rebelet\/","title":{"rendered":"Edi Reja publikon list\u00ebn, \u201cfshin\u201d Partizanin, rikthen \u201crebel\u00ebt\u201d"},"content":{"rendered":"<p>Edi Reja publikon list\u00ebn e par\u00eb zyrtar\u00eb, n\u00eb vigjilje dy sfidave kund\u00ebr Island\u00ebs dhe Moldavis\u00eb, t\u00eb vlefshme p\u00ebr kualifikueset \u201cEuro2020\u201d. Tekniku italian krijoi iluzionin se Superliga do t\u00eb ishte nj\u00eb vitrin\u00eb q\u00eb do t\u00eb merrte n\u00eb kosiderat\u00eb teksa n\u00eb list\u00ebn paraprake ishin t\u00eb pranish\u00ebm 4 futbollist\u00eb t\u00eb Partizanit. Ashtu si paraardh\u00ebsit e tij edhe Reja nuk preferon ti besoj\u00eb nj\u00eb fanell\u00eb kuqezi prodhimit vendas, t\u00eb pakt\u00ebn p\u00ebr momentin.<\/p>\n<p>Nga 4 futbollist\u00ebt e kuq ka mbijetuar vet\u00ebm Alban Hoxha. Koha nuk \u00ebsht\u00eb n\u00eb dispozicion t\u00eb trajnerit Reja, ndaj Island\u00ebs dhe Moldavis\u00eb jan\u00eb dy ndeshje q\u00eb duhen fituar p\u00ebr t\u00eb mbajtur t\u00eb gjall\u00eb shpres\u00ebn p\u00ebr t\u00eb kualifijkuar s\u00ebrish n\u00eb Europian, p\u00ebr k\u00ebt\u00eb q\u00ebllim i ka besuar s\u00ebrish lojtar\u00ebve ekspert, mbi t\u00eb gjitha atyre q\u00eb kan\u00eb shum\u00eb minuta n\u00eb k\u00ebmb\u00eb. Reja rikthen disa legjionar\u00eb t\u00eb njohur, \u201crebelin\u201d Lenjani, apo Sokol Cikalleshin, dy lojtar\u00eb t\u00eb cil\u00ebt u injoruan nga ish trajneri C.Panucci.<\/p>\n<p>Ashtu si\u00e7 pritje mungon portieri Tomas Strakosha nd\u00ebrsa vendin e tij e plot\u00ebson portieri i La\u00e7it, Gentian Selmani. Nga futbollist\u00ebt q\u00eb aktivizohen n\u00eb Serie A bie n\u00eb sy mungesa e Berat Gjimshitit nd\u00ebrsa nuk mungojn\u00eb t\u00eb p\u00ebrhershmit, Hysaj dhe Veseli. Mbrojtja plot\u00ebsohet me Aliji, Ismajli, Kumbulla, Balliu, Mihaj, Demarku, Binaku dhe M\u00ebrgim Mavraj. N\u00eb mesfushe, Reja i ka besuar lojtar\u00ebve ekspert si Abrashi, Xhaka, Memushaj, Ka\u00e7e, Ndoj, Qose, Ramadani, Lenjani, Roshi apo Myrto Uzuni. Cikalleshi, Sadiku dhe Grezda kompletojn\u00eb faz\u00ebn sulmuese<\/p>\n<h2><\/h2>","protected":false},"excerpt":{"rendered":"<p>Edi Reja publikon list\u00ebn e par\u00eb zyrtar\u00eb, n\u00eb vigjilje dy sfidave kund\u00ebr Island\u00ebs dhe Moldavis\u00eb, t\u00eb vlefshme p\u00ebr kualifikueset \u201cEuro2020\u201d. Tekniku italian krijoi iluzionin se Superliga do t\u00eb ishte nj\u00eb vitrin\u00eb q\u00eb do t\u00eb merrte n\u00eb kosiderat\u00eb teksa n\u00eb list\u00ebn paraprake ishin t\u00eb pranish\u00ebm 4 futbollist\u00eb t\u00eb Partizanit. Ashtu si paraardh\u00ebsit e tij edhe Reja [&hellip;]<\/p>\n","protected":false},"author":4,"featured_media":79688,"comment_status":"open","ping_status":"closed","sticky":false,"template":"","format":"standard","meta":{"footnotes":""},"categories":[241,231,192,235],"tags":[],"class_list":{"0":"post-86242","1":"post","2":"type-post","3":"status-publish","4":"format-standard","5":"has-post-thumbnail","7":"category-aktualitet","8":"category-lajme","9":"category-sport","10":"category-vendi"},"_links":{"self":[{"href":"https:\/\/zjarr.tv\/en\/wp-json\/wp\/v2\/posts\/86242","targetHints":{"allow":["GET"]}}],"collection":[{"href":"https:\/\/zjarr.tv\/en\/wp-json\/wp\/v2\/posts"}],"about":[{"href":"https:\/\/zjarr.tv\/en\/wp-json\/wp\/v2\/types\/post"}],"author":[{"embeddable":true,"href":"https:\/\/zjarr.tv\/en\/wp-json\/wp\/v2\/users\/4"}],"replies":[{"embeddable":true,"href":"https:\/\/zjarr.tv\/en\/wp-json\/wp\/v2\/comments?post=86242"}],"version-history":[{"count":0,"href":"https:\/\/zjarr.tv\/en\/wp-json\/wp\/v2\/posts\/86242\/revisions"}],"wp:featuredmedia":[{"embeddable":true,"href":"https:\/\/zjarr.tv\/en\/wp-json\/wp\/v2\/media\/79688"}],"wp:attachment":[{"href":"https:\/\/zjarr.tv\/en\/wp-json\/wp\/v2\/media?parent=86242"}],"wp:term":[{"taxonomy":"category","embeddable":true,"href":"https:\/\/zjarr.tv\/en\/wp-json\/wp\/v2\/categories?post=86242"},{"taxonomy":"post_tag","embeddable":true,"href":"https:\/\/zjarr.tv\/en\/wp-json\/wp\/v2\/tags?post=86242"}],"curies":[{"name":"wp","href":"https:\/\/api.w.org\/{rel}","templated":true}]}}