{"id":86251,"date":"2019-05-28T12:05:43","date_gmt":"2019-05-28T10:05:43","guid":{"rendered":"https:\/\/zjarr.tv\/?p=86251"},"modified":"2019-05-28T12:05:43","modified_gmt":"2019-05-28T10:05:43","slug":"albion-shezairi-eshte-shqiptari-qe-u-arratis-me-sirianin-nga-burgu-grek","status":"publish","type":"post","link":"https:\/\/zjarr.tv\/en\/albion-shezairi-eshte-shqiptari-qe-u-arratis-me-sirianin-nga-burgu-grek\/","title":{"rendered":"Albion Shezairi \u00ebsht\u00eb shqiptari q\u00eb u arratis me sirianin nga burgu grek"},"content":{"rendered":"<p>Albion Shezairi \u00ebsht\u00eb 22 vje\u00e7ari shqiptar i cili u arratis dje nga burgu grek bashk\u00e7 me nj\u00eb sirian 21 vje\u00e7.<\/p>\n<p>N\u00eb fotot shikoni pamjet e dy t\u00eb arratisurve.<\/p>\n<p>Ende nuk ka gjurm\u00eb t\u00eb t\u00eb arratisurve q\u00eb l\u00ebnduan dhe nj\u00eb gardiane gjat\u00eb zhdukjes.<\/p>\n<p>Ngjarja ndodhi mbr\u00ebmjen e djeshme rreth or\u00ebs 21:40.<\/p>\n<p>T\u00eb burgosurit jan\u00eb arratisur nga burgu i Avlona-s, duke shfryt\u00ebzuar zon\u00ebn e gatimit pran\u00eb seksionit t\u00eb gjasht\u00eb t\u00eb burgut t\u00eb Avlonas.<\/p>\n<p>M\u00ebsohet se nj\u00eb nga t\u00eb burgosurit e arratisur, kap\u00ebrceu s\u00eb pari gardhin e burgut dhe m\u00eb pas u p\u00ebrball me nj\u00eb police q\u00eb patrullonte jasht\u00eb.<\/p>\n<p>Sipas mediave greke, oficeri i policis\u00eb q\u00eblloi n\u00eb aj\u00ebr p\u00ebr ta paralajm\u00ebruar q\u00eb t\u00eb ndaloj\u00eb, por pa sukses sepse i burgosuri u zhduk duke l\u00ebnduar dhe nj\u00eb gardiane q\u00eb gjithashtu po tentonte ta pengonte q\u00eb t\u00eb kap\u00ebrcente gardhin.<\/p>\n<p>Gjat\u00eb k\u00ebsaj kohe nj\u00eb i burgosur i dyt\u00eb kap\u00ebrceu gardhin, goditi policin dhe arriti t\u00eb largohet bashk\u00eb me shqiptarin 22 vje\u00e7ar.<\/p>\n<p>Mediat greke thon\u00eb se nj\u00eb nga dy t\u00eb burgosurit, ai shqiptar, \u00ebsht\u00eb i p\u00ebrfshir\u00eb n\u00eb t\u00eb ashtuquajtur\u00ebn \u201cMafia e Burgjeve\u201d t\u00eb Korydallos.<\/p>\n<p>Shqiptari shihet t\u00eb jet\u00eb i p\u00ebrfshir\u00eb n\u00eb nj\u00eb masak\u00ebr me nj\u00eb t\u00eb vrar\u00eb dhe dhjet\u00ebra t\u00eb plagosur q\u00eb ndodhi para disa jav\u00ebsh n\u00eb burgun e siguris\u00eb s\u00eb lart\u00eb t\u00eb Koridhalosit n\u00eb periferi t\u00eb Athin\u00ebs.<\/p>\n<p>Policia ka nisur pun\u00ebn p\u00ebr kapjen e dy t\u00eb arratisurve.<\/p>","protected":false},"excerpt":{"rendered":"<p>Albion Shezairi \u00ebsht\u00eb 22 vje\u00e7ari shqiptar i cili u arratis dje nga burgu grek bashk\u00e7 me nj\u00eb sirian 21 vje\u00e7. N\u00eb fotot shikoni pamjet e dy t\u00eb arratisurve. Ende nuk ka gjurm\u00eb t\u00eb t\u00eb arratisurve q\u00eb l\u00ebnduan dhe nj\u00eb gardiane gjat\u00eb zhdukjes. Ngjarja ndodhi mbr\u00ebmjen e djeshme rreth or\u00ebs 21:40. T\u00eb burgosurit jan\u00eb arratisur nga [&hellip;]<\/p>\n","protected":false},"author":4,"featured_media":86252,"comment_status":"open","ping_status":"closed","sticky":false,"template":"","format":"standard","meta":{"footnotes":""},"categories":[241,231,2,235],"tags":[],"class_list":{"0":"post-86251","1":"post","2":"type-post","3":"status-publish","4":"format-standard","5":"has-post-thumbnail","7":"category-aktualitet","8":"category-lajme","9":"category-rajoni","10":"category-vendi"},"_links":{"self":[{"href":"https:\/\/zjarr.tv\/en\/wp-json\/wp\/v2\/posts\/86251","targetHints":{"allow":["GET"]}}],"collection":[{"href":"https:\/\/zjarr.tv\/en\/wp-json\/wp\/v2\/posts"}],"about":[{"href":"https:\/\/zjarr.tv\/en\/wp-json\/wp\/v2\/types\/post"}],"author":[{"embeddable":true,"href":"https:\/\/zjarr.tv\/en\/wp-json\/wp\/v2\/users\/4"}],"replies":[{"embeddable":true,"href":"https:\/\/zjarr.tv\/en\/wp-json\/wp\/v2\/comments?post=86251"}],"version-history":[{"count":0,"href":"https:\/\/zjarr.tv\/en\/wp-json\/wp\/v2\/posts\/86251\/revisions"}],"wp:featuredmedia":[{"embeddable":true,"href":"https:\/\/zjarr.tv\/en\/wp-json\/wp\/v2\/media\/86252"}],"wp:attachment":[{"href":"https:\/\/zjarr.tv\/en\/wp-json\/wp\/v2\/media?parent=86251"}],"wp:term":[{"taxonomy":"category","embeddable":true,"href":"https:\/\/zjarr.tv\/en\/wp-json\/wp\/v2\/categories?post=86251"},{"taxonomy":"post_tag","embeddable":true,"href":"https:\/\/zjarr.tv\/en\/wp-json\/wp\/v2\/tags?post=86251"}],"curies":[{"name":"wp","href":"https:\/\/api.w.org\/{rel}","templated":true}]}}