{"id":86263,"date":"2019-05-28T13:36:28","date_gmt":"2019-05-28T11:36:28","guid":{"rendered":"https:\/\/zjarr.tv\/?p=86263"},"modified":"2019-05-28T13:36:28","modified_gmt":"2019-05-28T11:36:28","slug":"ngel-jashte-pe-se-edhe-nje-tjeter-njeri-i-sorosit","status":"publish","type":"post","link":"https:\/\/zjarr.tv\/en\/ngel-jashte-pe-se-edhe-nje-tjeter-njeri-i-sorosit\/","title":{"rendered":"Ngel jasht\u00eb PE-s\u00eb edhe nj\u00eb tjet\u00ebr njeri i Sorosit"},"content":{"rendered":"<p>Nj\u00eb tjet\u00ebr njeri i Xhorxh Sorosit ka mbetur jasht\u00eb Parlamentit Europian.<\/p>\n<p>B\u00ebhet fjal\u00eb p\u00ebr nj\u00eb mikesh\u00eb t\u00eb Edi Ram\u00ebs, e cila ka lobuar n\u00eb PE p\u00ebr k\u00ebt\u00eb t\u00eb fundit.<\/p>\n<p>\u00cbsht\u00eb rumunia Monica Macovei q\u00eb nuk ja ka dal\u00eb t\u00eb zgjidhet s\u00ebrish n\u00eb Parlamentin Europian.<\/p>\n<p>Ajo ka vizituar shpesh Shqip\u00ebrin\u00eb dhe \u00ebsht\u00eb par\u00eb vet\u00ebm n\u00eb shoq\u00ebrin\u00eb e drejtuesve dhe deputet\u00ebve t\u00eb PS-s\u00eb.<\/p>\n<p>Por kush \u00ebsht\u00eb Monica Macovei?<\/p>\n<p>Monica Macovei \u00ebsht\u00eb shum\u00eb e njohur n\u00eb Rumani p\u00ebr b\u00ebmat e saj.<\/p>\n<p>N\u00eb dokumentarin e p\u00ebrgatitur p\u00ebr \u2018Fantazmat rumune t\u00eb Sorosit\u2019 nga ish-k\u00ebshilltari i Presidentit Bush, Monica Macoveit i dedikohen 2 seri.<\/p>\n<p>Ajo konsiderohet personazhi simbol apo tipik q\u00eb p\u00ebrfaq\u00ebson \u2018fantazmat e Sorosit n\u00eb Rumani\u2019.<\/p>\n<p>Monica Macovei \u00ebsht\u00eb personazhi ky\u00e7 q\u00eb ka ngritur n\u00eb Rumani t\u00eb gjith\u00eb \u2018kryq\u00ebzat\u00ebn anti-korrupsion me synimin e vet\u00ebm q\u00eb njer\u00ebzit e Sorosit n\u00eb Rumani t\u00eb marrin dhe mbajn\u00eb pushtetin pa pasur nevoj\u00eb t\u00eb fitojn\u00eb zgjedhjet\u2019.<\/p>\n<p>Monica Macovei \u00ebsht\u00eb nj\u00eb nga personazhet kryesore t\u00eb grupit \u2018fantazmat rumune t\u00eb Sorosit\u2019 q\u00eb ka studiuar me fondet e Sorosit dhe q\u00eb p\u00ebrmes mb\u00ebshtetjes s\u00eb Sorosit \u00ebsht\u00eb vendosur n\u00eb postin e Ministres s\u00eb Drejt\u00ebsis\u00eb s\u00eb Rumanis\u00eb p\u00ebr t\u00eb drejtuar reform\u00ebn anti-korrupsion, nj\u00eb mekaniz\u00ebm i p\u00ebrdorur nga Soros p\u00ebr q\u00ebllime politike, ose m\u00eb sakt\u00ebsisht p\u00ebr t\u00eb eliminuar\u00a0 kund\u00ebrshtar\u00ebt politik\u00eb anti-Soros dhe mb\u00ebshtetur e promovuar politikan\u00ebt sorosian\u00eb.<\/p>\n<p>Seria e VI e dokumentarit i dedikohet t\u00ebr\u00ebsisht Monica Macoveit dhe m\u00ebnyrave sesi ajo ka vepruar p\u00ebr t\u00eb hartuar dhe miratuar disa ligje n\u00eb bashk\u00ebpunim me DNA(homologu i SPAK shqiptar), t\u00eb sponsorizuara nga Soros.<\/p>","protected":false},"excerpt":{"rendered":"<p>Nj\u00eb tjet\u00ebr njeri i Xhorxh Sorosit ka mbetur jasht\u00eb Parlamentit Europian. B\u00ebhet fjal\u00eb p\u00ebr nj\u00eb mikesh\u00eb t\u00eb Edi Ram\u00ebs, e cila ka lobuar n\u00eb PE p\u00ebr k\u00ebt\u00eb t\u00eb fundit. \u00cbsht\u00eb rumunia Monica Macovei q\u00eb nuk ja ka dal\u00eb t\u00eb zgjidhet s\u00ebrish n\u00eb Parlamentin Europian. Ajo ka vizituar shpesh Shqip\u00ebrin\u00eb dhe \u00ebsht\u00eb par\u00eb vet\u00ebm n\u00eb shoq\u00ebrin\u00eb [&hellip;]<\/p>\n","protected":false},"author":2013,"featured_media":86264,"comment_status":"open","ping_status":"closed","sticky":false,"template":"","format":"standard","meta":{"footnotes":""},"categories":[241,191],"tags":[],"class_list":{"0":"post-86263","1":"post","2":"type-post","3":"status-publish","4":"format-standard","5":"has-post-thumbnail","7":"category-aktualitet","8":"category-bota"},"_links":{"self":[{"href":"https:\/\/zjarr.tv\/en\/wp-json\/wp\/v2\/posts\/86263","targetHints":{"allow":["GET"]}}],"collection":[{"href":"https:\/\/zjarr.tv\/en\/wp-json\/wp\/v2\/posts"}],"about":[{"href":"https:\/\/zjarr.tv\/en\/wp-json\/wp\/v2\/types\/post"}],"author":[{"embeddable":true,"href":"https:\/\/zjarr.tv\/en\/wp-json\/wp\/v2\/users\/2013"}],"replies":[{"embeddable":true,"href":"https:\/\/zjarr.tv\/en\/wp-json\/wp\/v2\/comments?post=86263"}],"version-history":[{"count":0,"href":"https:\/\/zjarr.tv\/en\/wp-json\/wp\/v2\/posts\/86263\/revisions"}],"wp:featuredmedia":[{"embeddable":true,"href":"https:\/\/zjarr.tv\/en\/wp-json\/wp\/v2\/media\/86264"}],"wp:attachment":[{"href":"https:\/\/zjarr.tv\/en\/wp-json\/wp\/v2\/media?parent=86263"}],"wp:term":[{"taxonomy":"category","embeddable":true,"href":"https:\/\/zjarr.tv\/en\/wp-json\/wp\/v2\/categories?post=86263"},{"taxonomy":"post_tag","embeddable":true,"href":"https:\/\/zjarr.tv\/en\/wp-json\/wp\/v2\/tags?post=86263"}],"curies":[{"name":"wp","href":"https:\/\/api.w.org\/{rel}","templated":true}]}}