{"id":86266,"date":"2019-05-28T13:41:07","date_gmt":"2019-05-28T11:41:07","guid":{"rendered":"https:\/\/zjarr.tv\/?p=86266"},"modified":"2019-05-28T13:41:07","modified_gmt":"2019-05-28T11:41:07","slug":"maskohej-si-diplomat-kush-eshte-mihali-rusi-i-arrestuar-sot-ne-veri-te-kosoves","status":"publish","type":"post","link":"https:\/\/zjarr.tv\/en\/maskohej-si-diplomat-kush-eshte-mihali-rusi-i-arrestuar-sot-ne-veri-te-kosoves\/","title":{"rendered":"Maskohej si diplomat, kush \u00ebsht\u00eb Mihali? Rusi i arrestuar sot n\u00eb Veri t\u00eb Kosov\u00ebs"},"content":{"rendered":"<p>Presidenti i Kosov\u00ebs, Hashim Tha\u00e7i, ka deklaruar se n\u00eb Mitrovic\u00ebn e Veriut \u00ebsht\u00eb arrestuar edhe nj\u00eb shtetas rus i cili ishte kamufluar si diplomat.<br \/>\nMetro m\u00ebson se rusi i arrestuar sot n\u00eb Veri njihet me emrin \u2018Mihal\u2019 nga banor\u00ebt atje dhe nga autoritetet serbe n\u00eb Beograd.<\/p>\n<p>Mihael Krasneoschenko ishte kamufluar si diplomat n\u00eb Veri dhe deklaronte se punonte si pun\u00ebtor i administrat\u00ebs s\u00eb UNMIK\u2019ut n\u00eb at\u00eb pjes\u00eb t\u00eb vendit.<br \/>\nPor, m\u00ebsohet se deri sa policia po kryente bastisjet n\u00eb Veri dhe hetimet e m\u00ebhershme, ky person \u00ebsht\u00eb mundur t\u2019i pengoj\u00eb ata.<br \/>\nMir\u00ebpo Policia ka arritur t\u00eb b\u00ebj\u00eb identifikimin e tij dhe ta kryejn\u00eb arrestimin e tij sot n\u00eb Veri.<\/p>\n<p>Lajmin p\u00ebr arrestimin e tij e ka konfirmuar madje edhe presidenti i Kosov\u00ebs, Hashim Tha\u00e7i.<\/p>\n<p>\u201cKa edhe nj\u00eb rus t\u00eb arrestuar, q\u00eb ishte kamufluar n\u00ebn petkun e nj\u00eb diplomati p\u00ebr t\u00eb penguar policin\u00eb e Kosov\u00ebs\u201d, ka th\u00ebn\u00eb Tha\u00e7i.<br \/>\nArrestimi i rusit Mihael n\u00eb Kosov\u00ebs ka ngjallur reagime t\u00eb ashpra edhe n\u00eb Serbi, ku presidenti Aleksandar Vucic ka th\u00ebn\u00eb se ka informuar edhe Rusin\u00eb p\u00ebr k\u00ebt\u00eb arrestim t\u00eb b\u00ebr\u00eb nga Policia e Kosov\u00ebs.<\/p>\n<p>Kujtojm\u00eb se sot gjat\u00eb aksionit t\u00eb madh t\u00eb Nj\u00ebsis\u00eb Speciale n\u00eb Veri, rezistenc\u00eb t\u00eb armatosur nga serb\u00ebt ka pasur n\u00eb Zub\u00e7\u00eb t\u00eb Zubin Potokut.<\/p>\n<p>&nbsp;<\/p>","protected":false},"excerpt":{"rendered":"<p>Presidenti i Kosov\u00ebs, Hashim Tha\u00e7i, ka deklaruar se n\u00eb Mitrovic\u00ebn e Veriut \u00ebsht\u00eb arrestuar edhe nj\u00eb shtetas rus i cili ishte kamufluar si diplomat. Metro m\u00ebson se rusi i arrestuar sot n\u00eb Veri njihet me emrin \u2018Mihal\u2019 nga banor\u00ebt atje dhe nga autoritetet serbe n\u00eb Beograd. Mihael Krasneoschenko ishte kamufluar si diplomat n\u00eb Veri dhe [&hellip;]<\/p>\n","protected":false},"author":2013,"featured_media":86231,"comment_status":"open","ping_status":"closed","sticky":false,"template":"","format":"standard","meta":{"footnotes":""},"categories":[241,2],"tags":[],"class_list":{"0":"post-86266","1":"post","2":"type-post","3":"status-publish","4":"format-standard","5":"has-post-thumbnail","7":"category-aktualitet","8":"category-rajoni"},"_links":{"self":[{"href":"https:\/\/zjarr.tv\/en\/wp-json\/wp\/v2\/posts\/86266","targetHints":{"allow":["GET"]}}],"collection":[{"href":"https:\/\/zjarr.tv\/en\/wp-json\/wp\/v2\/posts"}],"about":[{"href":"https:\/\/zjarr.tv\/en\/wp-json\/wp\/v2\/types\/post"}],"author":[{"embeddable":true,"href":"https:\/\/zjarr.tv\/en\/wp-json\/wp\/v2\/users\/2013"}],"replies":[{"embeddable":true,"href":"https:\/\/zjarr.tv\/en\/wp-json\/wp\/v2\/comments?post=86266"}],"version-history":[{"count":0,"href":"https:\/\/zjarr.tv\/en\/wp-json\/wp\/v2\/posts\/86266\/revisions"}],"wp:featuredmedia":[{"embeddable":true,"href":"https:\/\/zjarr.tv\/en\/wp-json\/wp\/v2\/media\/86231"}],"wp:attachment":[{"href":"https:\/\/zjarr.tv\/en\/wp-json\/wp\/v2\/media?parent=86266"}],"wp:term":[{"taxonomy":"category","embeddable":true,"href":"https:\/\/zjarr.tv\/en\/wp-json\/wp\/v2\/categories?post=86266"},{"taxonomy":"post_tag","embeddable":true,"href":"https:\/\/zjarr.tv\/en\/wp-json\/wp\/v2\/tags?post=86266"}],"curies":[{"name":"wp","href":"https:\/\/api.w.org\/{rel}","templated":true}]}}