{"id":86277,"date":"2019-05-28T13:50:36","date_gmt":"2019-05-28T11:50:36","guid":{"rendered":"https:\/\/zjarr.tv\/?p=86277"},"modified":"2019-05-28T13:50:36","modified_gmt":"2019-05-28T11:50:36","slug":"nisme-per-kufizimin-e-kimikateve","status":"publish","type":"post","link":"https:\/\/zjarr.tv\/en\/nisme-per-kufizimin-e-kimikateve\/","title":{"rendered":"Nism\u00eb p\u00ebr kufizimin e kimikateve"},"content":{"rendered":"<p><em>Ministria e Turizmit do t\u00eb nd\u00ebrmarr\u00eb nj\u00eb nism\u00eb p\u00ebr kufizimin e kimikateve, duke nisur s\u00eb pari nga krijimi i nj\u00eb ambienti dhe vendosja e nj\u00eb eksperti p\u00ebr k\u00ebt\u00eb \u00e7\u00ebshtje. Ministri i Turizmit dhe Mjedisit, Blendi Klosi, tha se s\u00eb pari nevojitet nj\u00eb ligj i posa\u00e7\u00ebm p\u00ebr kimikatet n\u00eb Shqip\u00ebri.<\/em><\/p>\n<p>Kimikatet n\u00eb Shqip\u00ebri do t\u00eb kufizohen. P\u00ebrdorimi apo importimi i tyre pritet t\u00eb rregullohet me nj\u00eb ligj t\u00eb ve\u00e7ant\u00eb t\u00eb p\u00ebrafruar me at\u00eb t\u00eb BE.<\/p>\n<p>Ministri i Mjedisit, Blendi Klosi, gjat\u00eb takimit t\u00eb mbajtur n\u00eb bashk\u00ebpunim me agjencin\u00eb suedeze t\u00eb kimikateve, tha se n\u00eb ambientet e Ministris\u00eb do t\u00eb krijohet nj\u00eb zyr\u00eb enkas p\u00ebr menaxhimin e kimikateve.<\/p>\n<p>Ministri Klosi tha se p\u00ebrshtatja e legjislacionit shqiptar me at\u00eb europian p\u00ebr kimikatet \u00ebsht\u00eb thelb\u00ebsore n\u00eb plot\u00ebsimin e hapave p\u00ebr integrimin e Shqip\u00ebris\u00eb n\u00eb BE.<\/p>\n<p>Ministri u shpreh se n\u00eb Shqip\u00ebri ka nj\u00eb sistem jo t\u00eb mir\u00eb t\u00eb menaxhimit t\u00eb mjedisit, \u00e7ka e b\u00ebn vendin ton\u00eb t\u00eb jet\u00eb shum\u00eb larg asaj se \u00e7far\u00eb ndodh n\u00eb Europ\u00eb.<\/p>\n<p>&nbsp;<\/p>","protected":false},"excerpt":{"rendered":"<p>Ministria e Turizmit do t\u00eb nd\u00ebrmarr\u00eb nj\u00eb nism\u00eb p\u00ebr kufizimin e kimikateve, duke nisur s\u00eb pari nga krijimi i nj\u00eb ambienti dhe vendosja e nj\u00eb eksperti p\u00ebr k\u00ebt\u00eb \u00e7\u00ebshtje. Ministri i Turizmit dhe Mjedisit, Blendi Klosi, tha se s\u00eb pari nevojitet nj\u00eb ligj i posa\u00e7\u00ebm p\u00ebr kimikatet n\u00eb Shqip\u00ebri. Kimikatet n\u00eb Shqip\u00ebri do t\u00eb kufizohen. [&hellip;]<\/p>\n","protected":false},"author":2013,"featured_media":86278,"comment_status":"open","ping_status":"closed","sticky":false,"template":"","format":"standard","meta":{"footnotes":""},"categories":[241,235],"tags":[],"class_list":{"0":"post-86277","1":"post","2":"type-post","3":"status-publish","4":"format-standard","5":"has-post-thumbnail","7":"category-aktualitet","8":"category-vendi"},"_links":{"self":[{"href":"https:\/\/zjarr.tv\/en\/wp-json\/wp\/v2\/posts\/86277","targetHints":{"allow":["GET"]}}],"collection":[{"href":"https:\/\/zjarr.tv\/en\/wp-json\/wp\/v2\/posts"}],"about":[{"href":"https:\/\/zjarr.tv\/en\/wp-json\/wp\/v2\/types\/post"}],"author":[{"embeddable":true,"href":"https:\/\/zjarr.tv\/en\/wp-json\/wp\/v2\/users\/2013"}],"replies":[{"embeddable":true,"href":"https:\/\/zjarr.tv\/en\/wp-json\/wp\/v2\/comments?post=86277"}],"version-history":[{"count":0,"href":"https:\/\/zjarr.tv\/en\/wp-json\/wp\/v2\/posts\/86277\/revisions"}],"wp:featuredmedia":[{"embeddable":true,"href":"https:\/\/zjarr.tv\/en\/wp-json\/wp\/v2\/media\/86278"}],"wp:attachment":[{"href":"https:\/\/zjarr.tv\/en\/wp-json\/wp\/v2\/media?parent=86277"}],"wp:term":[{"taxonomy":"category","embeddable":true,"href":"https:\/\/zjarr.tv\/en\/wp-json\/wp\/v2\/categories?post=86277"},{"taxonomy":"post_tag","embeddable":true,"href":"https:\/\/zjarr.tv\/en\/wp-json\/wp\/v2\/tags?post=86277"}],"curies":[{"name":"wp","href":"https:\/\/api.w.org\/{rel}","templated":true}]}}