{"id":86282,"date":"2019-05-28T13:53:19","date_gmt":"2019-05-28T11:53:19","guid":{"rendered":"https:\/\/zjarr.tv\/?p=86282"},"modified":"2019-05-28T13:53:19","modified_gmt":"2019-05-28T11:53:19","slug":"dosja-per-613-kg-kokaine-prokuroria-pret-leterporosi-nga-ekuadori","status":"publish","type":"post","link":"https:\/\/zjarr.tv\/en\/dosja-per-613-kg-kokaine-prokuroria-pret-leterporosi-nga-ekuadori\/","title":{"rendered":"Dosja p\u00ebr 613 kg kokain\u00eb, Prokuroria pret let\u00ebrporosi nga Ekuadori"},"content":{"rendered":"<p>Dy dit\u00eb pasi prokuroria e krimeve t\u00eb r\u00ebnda mbylli hetimet dhe coi n\u00eb gjykat\u00eb dosjen p\u00ebr 613 kg kokain\u00eb t\u00eb kapur n\u00eb Maminas, organi i akuz\u00ebs \u00ebsht\u00eb ende n\u00eb pritje te dy leterporosive, njera prej te cilave nga Ekuadori.<\/p>\n<p>Burime p\u00ebr \u2018BalkanWeb\u2019 than\u00eb se autoriteteve t\u00eb huaja u \u00ebsht\u00eb k\u00ebrkuar informacion lidhur me dy sasi t\u00eb ndryshme kokaine t\u00eb kapura n\u00eb Ekuador n\u00eb periudha kohore t\u00eb ndryshme. Autoriteteve t\u00eb huaja iu \u00ebsht\u00eb kerkuar informacion lidhur me dy sasi t\u00eb ndryshme kokaine t\u00eb kapura n\u00eb Ekuador n\u00eb periudha kohore te ndryshme.<\/p>\n<p>N\u00eb dosjen e prokuroris\u00eb thuhet se ngarkesa e par\u00eb me 90 kg u gjet po me kontenier me babane n\u00eb pron\u00ebsi t\u00eb Arb\u00ebr \u00c7ekajt, nd\u00ebrsa sasia e dyt\u00eb ishte 38 kg e kapur po n\u00eb Ekuador.Nd\u00ebrkoh\u00eb q\u00eb sasia e \u00a0fundit po tentohej t\u00eb futej n\u00eb Shqip\u00ebri n\u00eb 4 arka bananesh n\u00eb pron\u00ebsi t\u00eb kompanis\u00eb \u2018Arbri Garden\u2019.<\/p>\n<p>Prokuroria p\u00ebr Krime t\u00eb R\u00ebnda, njoftoi dy dit\u00eb m\u00eb par\u00eb se mbylli hetimet dhe d\u00ebrgoi dosjen n\u00eb gjykat\u00eb p\u00ebr 613 kg kokain\u00eb t\u00eb kapur n\u00eb kontejner\u00ebt e bananeve, nd\u00ebrsa t\u00eb pandehur jan\u00eb Arb\u00ebr Cekaj n\u00eb mungese si dhe dhe Donaldo Lushaj dhe Armando Pezaku.<\/p>\n<p>Armando Pezaku ishte shoferi i trailerit q\u00eb transportonte ngarkes\u00ebn me banane n\u00eb t\u00eb cil\u00ebn u kap sasia rekord e drog\u00ebs. Nd\u00ebrsa Donald Lushaj ishte menaxheri i firm\u00ebs \u201cArbri Garden\u201d n\u00eb pron\u00ebsi t\u00eb Arb\u00ebr \u00c7ekaj q\u00eb kishte porositur ngarkes\u00ebn nga Kolumbia.<\/p>\n<p>Cekaj ndodhet n\u00eb Gjermani, ku edhe atje ka nj\u00eb hetim nga autoritetet pasi dyshohet se ai \u00ebsht\u00eb i p\u00ebrfshir\u00eb n\u00eb aktivitet kriminal edhe n\u00eb territorin e tyre.<\/p>\n<p>M\u00eb 27 shkurt 2018 u kap\u00ebn rreth 613 kg kokain\u00eb n\u00eb Maminas n\u00eb kontenier\u00ebt e bananeve t\u00eb Arbri Garden n\u00eb pron\u00ebsi t\u00eb Arb\u00ebr \u00c7ekaj. Aktualisht \u00c7ekaj ndodhet n\u00eb gjykat\u00ebn gjermane t\u00eb emigracionit.<\/p>\n<p>&nbsp;<\/p>","protected":false},"excerpt":{"rendered":"<p>Dy dit\u00eb pasi prokuroria e krimeve t\u00eb r\u00ebnda mbylli hetimet dhe coi n\u00eb gjykat\u00eb dosjen p\u00ebr 613 kg kokain\u00eb t\u00eb kapur n\u00eb Maminas, organi i akuz\u00ebs \u00ebsht\u00eb ende n\u00eb pritje te dy leterporosive, njera prej te cilave nga Ekuadori. Burime p\u00ebr \u2018BalkanWeb\u2019 than\u00eb se autoriteteve t\u00eb huaja u \u00ebsht\u00eb k\u00ebrkuar informacion lidhur me dy sasi [&hellip;]<\/p>\n","protected":false},"author":2013,"featured_media":44639,"comment_status":"open","ping_status":"closed","sticky":false,"template":"","format":"standard","meta":{"footnotes":""},"categories":[241,235],"tags":[],"class_list":{"0":"post-86282","1":"post","2":"type-post","3":"status-publish","4":"format-standard","5":"has-post-thumbnail","7":"category-aktualitet","8":"category-vendi"},"_links":{"self":[{"href":"https:\/\/zjarr.tv\/en\/wp-json\/wp\/v2\/posts\/86282","targetHints":{"allow":["GET"]}}],"collection":[{"href":"https:\/\/zjarr.tv\/en\/wp-json\/wp\/v2\/posts"}],"about":[{"href":"https:\/\/zjarr.tv\/en\/wp-json\/wp\/v2\/types\/post"}],"author":[{"embeddable":true,"href":"https:\/\/zjarr.tv\/en\/wp-json\/wp\/v2\/users\/2013"}],"replies":[{"embeddable":true,"href":"https:\/\/zjarr.tv\/en\/wp-json\/wp\/v2\/comments?post=86282"}],"version-history":[{"count":0,"href":"https:\/\/zjarr.tv\/en\/wp-json\/wp\/v2\/posts\/86282\/revisions"}],"wp:featuredmedia":[{"embeddable":true,"href":"https:\/\/zjarr.tv\/en\/wp-json\/wp\/v2\/media\/44639"}],"wp:attachment":[{"href":"https:\/\/zjarr.tv\/en\/wp-json\/wp\/v2\/media?parent=86282"}],"wp:term":[{"taxonomy":"category","embeddable":true,"href":"https:\/\/zjarr.tv\/en\/wp-json\/wp\/v2\/categories?post=86282"},{"taxonomy":"post_tag","embeddable":true,"href":"https:\/\/zjarr.tv\/en\/wp-json\/wp\/v2\/tags?post=86282"}],"curies":[{"name":"wp","href":"https:\/\/api.w.org\/{rel}","templated":true}]}}