{"id":86286,"date":"2019-05-28T13:56:26","date_gmt":"2019-05-28T11:56:26","guid":{"rendered":"https:\/\/zjarr.tv\/?p=86286"},"modified":"2019-05-28T13:56:26","modified_gmt":"2019-05-28T11:56:26","slug":"protesta-lulzim-basha-porosi-ish-deputeteve-cfare-po-synon-pd","status":"publish","type":"post","link":"https:\/\/zjarr.tv\/en\/protesta-lulzim-basha-porosi-ish-deputeteve-cfare-po-synon-pd\/","title":{"rendered":"Protesta\/ Lulzim Basha porosi ish-deputet\u00ebve, \u00e7far\u00eb po synon PD"},"content":{"rendered":"<p>Kreyedemokrati Lulzim Basha gjat\u00eb nj\u00eb takimi t\u00eb zhvilluar sot me ish-deputet\u00eb t\u00eb Tiran\u00ebs, kryetar\u00ebt e deg\u00ebve dhe ve\u00e7an\u00ebrisht me ata deputet\u00eb q\u00eb kan\u00eb qen\u00eb pjes\u00eb e Komisionit t\u00eb Ekonomis\u00eb\u00a0 ka k\u00ebrkuar prej tyre, q\u00eb t\u00eb zhvillojn\u00eb takime masive dhe t\u00eb shtrira n\u00eb nivel kapilar n\u00eb t\u00eb gjitha bizneset e Tiran\u00ebs.<\/p>\n<p>Lideri i selis\u00eb blu, Lulzim Basha,\u00a0 ka porositur ish deputet\u00ebt q\u00eb deri n\u00eb protest\u00ebn e s\u00eb diel\u00ebs, 2 qershor, ata t\u00eb ken\u00eb zhvilluar takime me t\u00eb pakt\u00ebn 40 mij\u00eb biznese n\u00eb kryeqytet dhe t\u2019i ftojn\u00eb ata n\u00eb protest\u00ebn e 7-t\u00eb komb\u00ebtare t\u00eb opozit\u00ebs s\u00eb bashkuar.<\/p>\n<p>Mes porosive t\u00eb kryetarit Basha p\u00ebr\u00a0 ish-deputet\u00ebt, vihet re edhe \u00a0shp\u00ebrndarja e flet\u00ebpalosjeve n\u00eb bizneset e vogla, ku p\u00ebrmes t\u00eb cilave synohet informimi i qytetar\u00ebve p\u00ebr programin q\u00eb ka Partia Demokratike p\u00ebr bizneset, kryesisht ato familjare.<\/p>\n<p>\u201cTakime kapilare me biznese t\u00eb Tiran\u00ebs. Nuk duhet l\u00ebne asnje biznes pa prekur.\u00a0 Deri t\u00eb diel\u00ebn para protest\u00ebs t\u00eb jen\u00eb takuar rreth 40 mij\u00eb binese n\u00eb Tiran\u00ebn urbane. T\u2019u lihet flet\u00ebpalosja me pikat ky\u00e7e t\u00eb programit te PD p\u00ebr biznesin, kryesisht biznesin e vog\u00ebl, flet\u00ebpalosja me taksat e rritura n\u00eb Tiran\u00eb dhe t\u00eb ftohen t\u00eb marrin pjes\u00eb n\u00eb protest\u00eb\u201d.<\/p>","protected":false},"excerpt":{"rendered":"<p>Kreyedemokrati Lulzim Basha gjat\u00eb nj\u00eb takimi t\u00eb zhvilluar sot me ish-deputet\u00eb t\u00eb Tiran\u00ebs, kryetar\u00ebt e deg\u00ebve dhe ve\u00e7an\u00ebrisht me ata deputet\u00eb q\u00eb kan\u00eb qen\u00eb pjes\u00eb e Komisionit t\u00eb Ekonomis\u00eb\u00a0 ka k\u00ebrkuar prej tyre, q\u00eb t\u00eb zhvillojn\u00eb takime masive dhe t\u00eb shtrira n\u00eb nivel kapilar n\u00eb t\u00eb gjitha bizneset e Tiran\u00ebs. Lideri i selis\u00eb blu, Lulzim [&hellip;]<\/p>\n","protected":false},"author":2013,"featured_media":69283,"comment_status":"open","ping_status":"closed","sticky":false,"template":"","format":"standard","meta":{"footnotes":""},"categories":[241,235],"tags":[],"class_list":{"0":"post-86286","1":"post","2":"type-post","3":"status-publish","4":"format-standard","5":"has-post-thumbnail","7":"category-aktualitet","8":"category-vendi"},"_links":{"self":[{"href":"https:\/\/zjarr.tv\/en\/wp-json\/wp\/v2\/posts\/86286","targetHints":{"allow":["GET"]}}],"collection":[{"href":"https:\/\/zjarr.tv\/en\/wp-json\/wp\/v2\/posts"}],"about":[{"href":"https:\/\/zjarr.tv\/en\/wp-json\/wp\/v2\/types\/post"}],"author":[{"embeddable":true,"href":"https:\/\/zjarr.tv\/en\/wp-json\/wp\/v2\/users\/2013"}],"replies":[{"embeddable":true,"href":"https:\/\/zjarr.tv\/en\/wp-json\/wp\/v2\/comments?post=86286"}],"version-history":[{"count":0,"href":"https:\/\/zjarr.tv\/en\/wp-json\/wp\/v2\/posts\/86286\/revisions"}],"wp:featuredmedia":[{"embeddable":true,"href":"https:\/\/zjarr.tv\/en\/wp-json\/wp\/v2\/media\/69283"}],"wp:attachment":[{"href":"https:\/\/zjarr.tv\/en\/wp-json\/wp\/v2\/media?parent=86286"}],"wp:term":[{"taxonomy":"category","embeddable":true,"href":"https:\/\/zjarr.tv\/en\/wp-json\/wp\/v2\/categories?post=86286"},{"taxonomy":"post_tag","embeddable":true,"href":"https:\/\/zjarr.tv\/en\/wp-json\/wp\/v2\/tags?post=86286"}],"curies":[{"name":"wp","href":"https:\/\/api.w.org\/{rel}","templated":true}]}}