{"id":86289,"date":"2019-05-28T14:12:33","date_gmt":"2019-05-28T12:12:33","guid":{"rendered":"https:\/\/zjarr.tv\/?p=86289"},"modified":"2019-05-28T14:12:33","modified_gmt":"2019-05-28T12:12:33","slug":"shqiptari-ne-partine-e-salvinit-zgjidhet-keshilltar-komune-ne-itali","status":"publish","type":"post","link":"https:\/\/zjarr.tv\/en\/shqiptari-ne-partine-e-salvinit-zgjidhet-keshilltar-komune-ne-itali\/","title":{"rendered":"Shqiptari n\u00eb partin\u00eb e Salvinit zgjidhet k\u00ebshilltar komune n\u00eb Itali"},"content":{"rendered":"<p>Nj\u00eb tjet\u00ebr emigrant shqiptar ka dal\u00eb fitues n\u00eb zgjedhjet vendore n\u00eb rreth 3800 komuna n\u00eb Itali, t\u00eb cilat p\u00ebrkuan me t\u00eb nj\u00ebjt\u00ebn dat\u00eb me zgjedhjet europiane.<br \/>\nAi \u00ebsht\u00eb Arli Dervishi kandidat n\u00eb list\u00ebn e Partis\u00eb Lidhja p\u00ebr k\u00ebshillin e ri komunal t\u00eb qytez\u00ebs Almese n\u00eb provinc\u00ebn e Torinos.<br \/>\nShqiptari legist ka dal\u00eb i dyti n\u00eb list\u00ebn fituese e cila ka marr\u00eb rreth 60% t\u00eb votave.<br \/>\nArli Dervishi \u00ebsht\u00eb mjaft i ri n\u00eb mosh\u00eb vet\u00ebm 23 vje\u00e7, ka lindur n\u00eb Itali, n\u00eb qytez\u00ebn Suza n\u00eb provinc\u00ebn e Torinos, e \u00ebsht\u00eb emigrant i brezit t\u00eb dyt\u00eb, djali i nj\u00eb familje emigrant\u00ebsh shqiptar\u00eb t\u00eb viteve \u201990.<br \/>\nArli Dervishi \u00ebsht\u00eb i diplomuar n\u00eb Universitetin e Torinos p\u00ebr shkencat nd\u00ebrkomb\u00ebtare- Studime Europiane.<br \/>\nGjat\u00eb fushat\u00ebs elektorale, Arli Dervishi i ka dh\u00ebn\u00eb r\u00ebnd\u00ebsi rolit e z\u00ebrit q\u00eb duhet t\u00eb ken\u00eb t\u00eb rinjt\u00eb n\u00eb politikb\u00ebrjen e territorit e n\u00eb institucionet p\u00ebrfaq\u00ebsuese.<br \/>\nPrej disa koh\u00ebsh ai \u00ebsht\u00eb aktiv n\u00eb jet\u00ebn sociale t\u00eb qytez\u00ebs s\u00eb tij ku ka ngritur nj\u00eb q\u00ebnd\u00ebr p\u00ebr angazhimin e t\u00eb rinjve n\u00eb komunitet.<br \/>\nN\u00eb aktivitetin politik Arli Dervishi ka nj\u00eb v\u00ebmendje t\u00eb ve\u00e7ant\u00eb ndaj temave ambientaliste e n\u00eb ndihm\u00eb t\u00eb personave n\u00eb nevoj\u00eb.<br \/>\nDhe pse ka lindur n\u00eb Itali, ai thot\u00eb se Shqip\u00ebria \u00ebsht\u00eb sht\u00ebpia ime dhe e familjes time. Origjina e familjes p\u00ebr t\u00eb \u00ebsht\u00eb majft e r\u00ebnd\u00ebsishme e do t\u00eb influencoj\u00eb p\u00ebrher\u00eb pozitivisht n\u00eb jet\u00ebn e tij.<br \/>\nShqip\u00ebris\u00eb ai i ka dedikuar dhe tem\u00ebn e tij t\u00eb diplom\u00ebs.<br \/>\nSot 23 vje\u00e7ari Arli Dervishi \u00ebsht\u00eb k\u00ebshilltari m\u00eb i ri i komun\u00ebs Almese me 6400 banor\u00eb ku fituese \u00ebsht\u00eb shpallur Partia Lidhja e Matteo Salvinit e me kryetar bashkie Paolo Farsella.<\/p>","protected":false},"excerpt":{"rendered":"<p>Nj\u00eb tjet\u00ebr emigrant shqiptar ka dal\u00eb fitues n\u00eb zgjedhjet vendore n\u00eb rreth 3800 komuna n\u00eb Itali, t\u00eb cilat p\u00ebrkuan me t\u00eb nj\u00ebjt\u00ebn dat\u00eb me zgjedhjet europiane. Ai \u00ebsht\u00eb Arli Dervishi kandidat n\u00eb list\u00ebn e Partis\u00eb Lidhja p\u00ebr k\u00ebshillin e ri komunal t\u00eb qytez\u00ebs Almese n\u00eb provinc\u00ebn e Torinos. Shqiptari legist ka dal\u00eb i dyti n\u00eb [&hellip;]<\/p>\n","protected":false},"author":2013,"featured_media":86290,"comment_status":"open","ping_status":"closed","sticky":false,"template":"","format":"standard","meta":{"footnotes":""},"categories":[241,235],"tags":[],"class_list":{"0":"post-86289","1":"post","2":"type-post","3":"status-publish","4":"format-standard","5":"has-post-thumbnail","7":"category-aktualitet","8":"category-vendi"},"_links":{"self":[{"href":"https:\/\/zjarr.tv\/en\/wp-json\/wp\/v2\/posts\/86289","targetHints":{"allow":["GET"]}}],"collection":[{"href":"https:\/\/zjarr.tv\/en\/wp-json\/wp\/v2\/posts"}],"about":[{"href":"https:\/\/zjarr.tv\/en\/wp-json\/wp\/v2\/types\/post"}],"author":[{"embeddable":true,"href":"https:\/\/zjarr.tv\/en\/wp-json\/wp\/v2\/users\/2013"}],"replies":[{"embeddable":true,"href":"https:\/\/zjarr.tv\/en\/wp-json\/wp\/v2\/comments?post=86289"}],"version-history":[{"count":0,"href":"https:\/\/zjarr.tv\/en\/wp-json\/wp\/v2\/posts\/86289\/revisions"}],"wp:featuredmedia":[{"embeddable":true,"href":"https:\/\/zjarr.tv\/en\/wp-json\/wp\/v2\/media\/86290"}],"wp:attachment":[{"href":"https:\/\/zjarr.tv\/en\/wp-json\/wp\/v2\/media?parent=86289"}],"wp:term":[{"taxonomy":"category","embeddable":true,"href":"https:\/\/zjarr.tv\/en\/wp-json\/wp\/v2\/categories?post=86289"},{"taxonomy":"post_tag","embeddable":true,"href":"https:\/\/zjarr.tv\/en\/wp-json\/wp\/v2\/tags?post=86289"}],"curies":[{"name":"wp","href":"https:\/\/api.w.org\/{rel}","templated":true}]}}