{"id":86292,"date":"2019-05-28T14:21:11","date_gmt":"2019-05-28T12:21:11","guid":{"rendered":"https:\/\/zjarr.tv\/?p=86292"},"modified":"2019-05-28T14:21:11","modified_gmt":"2019-05-28T12:21:11","slug":"video-trajneri-i-kombetares-bie-per-toke-pas-konferences","status":"publish","type":"post","link":"https:\/\/zjarr.tv\/en\/video-trajneri-i-kombetares-bie-per-toke-pas-konferences\/","title":{"rendered":"VIDEO\/ Trajneri i komb\u00ebtares bie p\u00ebr tok\u00eb pas konferenc\u00ebs"},"content":{"rendered":"<p>Pas p\u00ebrfundimit t\u00eb konferenc\u00ebs p\u00ebr shtyp, trajneri Edi Reja i ka trembur t\u00eb gjith\u00eb t\u00eb pranishmit teksa \u00ebsht\u00eb penguar duke u rr\u00ebzuar n\u00eb tok\u00eb. Nj\u00eb moment i sikletsh\u00ebm p\u00ebr 73-vje\u00e7arin q\u00eb tashm\u00eb do t\u00eb drejtoj\u00eb kuqezinjt\u00eb p\u00ebr eliminatoret e Europianit.<\/p>\n<p>Fatmir\u00ebsisht trajneri i komb\u00ebtares son\u00eb s\u2019\u00ebsht\u00eb d\u00ebmtuar dhe gjith\u00e7ka \u00ebsht\u00eb kaluar duke qeshur. M\u00eb posht\u00eb mund t\u00eb shihni videon e momentit kur Reja pengohet dhe rr\u00ebzohet pas konferenc\u00ebs p\u00ebr shtyp.<\/p>\n<p>https:\/\/www.facebook.com\/NewsportAlbania\/videos\/1173242972855525\/?__tn__=kC-R&#038;eid=ARCXriUuxJtV3qLDMg07K7bWPuz7lrwrN7nwbosr84GRqbRkgOQSegwyJInnjzzkAmHmcqfTIfaEn7Qk&#038;hc_ref=ARTledd9mufu7K0_IxVvPf3P22XKY5Z_QG5oArVSmkmUJFn1GeZ30BkaaIGlOXAv4iw&#038;fref=nf&#038;__xts__[0]=68.ARCcjFUPPcGtB_qX_daMgcvJHCmnQFPggDJNEJZSX_9r2XOgHX_e5iYuBC7ffh5FbdKLs2iuDf4Cp1PpueMwHdk_lhrH7dpVyj779fptPfMxOVVJhicDqUIQHwz7yFpyBbxoTkg8ts72l5LMRYo6YIl53RdPcRhPGbjSAv_JL2E3CqyFa3LdgcZ_h-dhhEuBopLa594k1XcABnWy8EBrSOGZFNwmS2c4s23dbdK0beeZ4NVg80LCmDvo3N-Ld8QQmhtK9UNhZjgB0IMsrMfGlYyLMvBn9wDvjcxeoqSnfqU0A6f3WpZ8tvq3bV6DRO4I3HCVG23Nx7LVdGvw4Spc0M6xd2R4E1ogCl5uks1xajeQT3V2RRn0YfH8<\/p>\n","protected":false},"excerpt":{"rendered":"<p>Pas p\u00ebrfundimit t\u00eb konferenc\u00ebs p\u00ebr shtyp, trajneri Edi Reja i ka trembur t\u00eb gjith\u00eb t\u00eb pranishmit teksa \u00ebsht\u00eb penguar duke u rr\u00ebzuar n\u00eb tok\u00eb. Nj\u00eb moment i sikletsh\u00ebm p\u00ebr 73-vje\u00e7arin q\u00eb tashm\u00eb do t\u00eb drejtoj\u00eb kuqezinjt\u00eb p\u00ebr eliminatoret e Europianit. Fatmir\u00ebsisht trajneri i komb\u00ebtares son\u00eb s\u2019\u00ebsht\u00eb d\u00ebmtuar dhe gjith\u00e7ka \u00ebsht\u00eb kaluar duke qeshur. M\u00eb posht\u00eb [&hellip;]<\/p>\n","protected":false},"author":2013,"featured_media":86293,"comment_status":"open","ping_status":"closed","sticky":false,"template":"","format":"standard","meta":{"footnotes":""},"categories":[241,192],"tags":[],"class_list":{"0":"post-86292","1":"post","2":"type-post","3":"status-publish","4":"format-standard","5":"has-post-thumbnail","7":"category-aktualitet","8":"category-sport"},"_links":{"self":[{"href":"https:\/\/zjarr.tv\/en\/wp-json\/wp\/v2\/posts\/86292","targetHints":{"allow":["GET"]}}],"collection":[{"href":"https:\/\/zjarr.tv\/en\/wp-json\/wp\/v2\/posts"}],"about":[{"href":"https:\/\/zjarr.tv\/en\/wp-json\/wp\/v2\/types\/post"}],"author":[{"embeddable":true,"href":"https:\/\/zjarr.tv\/en\/wp-json\/wp\/v2\/users\/2013"}],"replies":[{"embeddable":true,"href":"https:\/\/zjarr.tv\/en\/wp-json\/wp\/v2\/comments?post=86292"}],"version-history":[{"count":0,"href":"https:\/\/zjarr.tv\/en\/wp-json\/wp\/v2\/posts\/86292\/revisions"}],"wp:featuredmedia":[{"embeddable":true,"href":"https:\/\/zjarr.tv\/en\/wp-json\/wp\/v2\/media\/86293"}],"wp:attachment":[{"href":"https:\/\/zjarr.tv\/en\/wp-json\/wp\/v2\/media?parent=86292"}],"wp:term":[{"taxonomy":"category","embeddable":true,"href":"https:\/\/zjarr.tv\/en\/wp-json\/wp\/v2\/categories?post=86292"},{"taxonomy":"post_tag","embeddable":true,"href":"https:\/\/zjarr.tv\/en\/wp-json\/wp\/v2\/tags?post=86292"}],"curies":[{"name":"wp","href":"https:\/\/api.w.org\/{rel}","templated":true}]}}