{"id":86296,"date":"2019-05-28T14:23:24","date_gmt":"2019-05-28T12:23:24","guid":{"rendered":"https:\/\/zjarr.tv\/?p=86296"},"modified":"2019-05-28T14:23:24","modified_gmt":"2019-05-28T12:23:24","slug":"enea-jorgjit-i-bejne-prite-ne-autostrade-i-kerkojne-llogari-per-laci-tirana","status":"publish","type":"post","link":"https:\/\/zjarr.tv\/en\/enea-jorgjit-i-bejne-prite-ne-autostrade-i-kerkojne-llogari-per-laci-tirana\/","title":{"rendered":"Enea Jorgjit i b\u00ebjn\u00eb prit\u00eb n\u00eb autostrad\u00eb, i k\u00ebrkojn\u00eb llogari p\u00ebr La\u00e7i-Tirana"},"content":{"rendered":"<p>Nuk e ka kaluar paq p\u00ebrfundimin e ndeshjes La\u00e7i-Tirana (1-3), bilbili kryesor I ndeshjes Enea Jorgji, s\u00eb bashku me disa prej an\u00ebsor\u00ebve dhe delegatin e FSHF \u00c7ela. \u201cPanorama Sport\u201d ka m\u00ebsuar se albitri i FIFA p\u00ebrve\u00e7se \u00ebsht\u00eb goditur n\u00eb fush\u00ebn e loj\u00ebs dhe doli prej andej I shoq\u00ebruar nga forcat e policis\u00eb, \u00ebsht\u00eb ndeshur me nj\u00eb prit\u00eb, rrug\u00ebs duke u kthyer n\u00eb qytetin e tij pas ndeshjes.<\/p>\n<p>M\u00ebsohet nga Panorama sport se nga ana e \u201cKastriotit\u201d, Enea Jorgjit I kan\u00eb ngritur prit\u00eb n\u00eb autostrad\u00eb. Kan\u00eb k\u00ebrkuar nga gjyqtari t\u00eb hap\u00eb krahun dhe I kan\u00eb ndaluar makin\u00ebn duke k\u00ebrkuar llogari p\u00ebr ndeshjen e Tiran\u00ebs.<\/p>\n<p>Por, ka qen\u00eb delegati i FSHF-s\u00eb, si\u00e7 duket I shqet\u00ebsuar nga kjo \u201cprit\u00eb\u201d n\u00eb mes t\u00eb rrug\u00ebs, q\u00eb ka lajm\u00ebruar gjith\u00eb zyrtar\u00ebt e FSHF-s\u00eb, si dhe uniformat blu. Menj\u00ebher\u00eb pas telefonat\u00ebs, duket se \u201ctrimat e rrug\u00ebs\u201d jan\u00eb larguar, nd\u00ebrkoh\u00eb q\u00eb policia ka marr\u00eb p\u00ebrsip\u00ebr t\u00eb shoq\u00ebroj\u00eb deri n\u00eb vendin e duhur Enea Jorgjin dhe albitrat e tjer\u00eb q\u00eb udh\u00ebtonin me t\u00eb, rrug\u00ebs s\u00eb kthimit n\u00eb sht\u00ebpi.<\/p>\n<p>Nuk \u00ebsht\u00eb incidenti i par\u00eb i dhun\u00ebs ndaj gjyqtar\u00ebve. Dhe dhuna, nuk \u00ebsht\u00eb ve\u00e7se me mjete t\u00eb forta, gur\u00eb e shishe. K\u00ebt\u00eb radh\u00eb, dhuna ishte psikologjike.<\/p>","protected":false},"excerpt":{"rendered":"<p>Nuk e ka kaluar paq p\u00ebrfundimin e ndeshjes La\u00e7i-Tirana (1-3), bilbili kryesor I ndeshjes Enea Jorgji, s\u00eb bashku me disa prej an\u00ebsor\u00ebve dhe delegatin e FSHF \u00c7ela. \u201cPanorama Sport\u201d ka m\u00ebsuar se albitri i FIFA p\u00ebrve\u00e7se \u00ebsht\u00eb goditur n\u00eb fush\u00ebn e loj\u00ebs dhe doli prej andej I shoq\u00ebruar nga forcat e policis\u00eb, \u00ebsht\u00eb ndeshur me [&hellip;]<\/p>\n","protected":false},"author":2013,"featured_media":86297,"comment_status":"open","ping_status":"closed","sticky":false,"template":"","format":"standard","meta":{"footnotes":""},"categories":[241,192],"tags":[],"class_list":{"0":"post-86296","1":"post","2":"type-post","3":"status-publish","4":"format-standard","5":"has-post-thumbnail","7":"category-aktualitet","8":"category-sport"},"_links":{"self":[{"href":"https:\/\/zjarr.tv\/en\/wp-json\/wp\/v2\/posts\/86296","targetHints":{"allow":["GET"]}}],"collection":[{"href":"https:\/\/zjarr.tv\/en\/wp-json\/wp\/v2\/posts"}],"about":[{"href":"https:\/\/zjarr.tv\/en\/wp-json\/wp\/v2\/types\/post"}],"author":[{"embeddable":true,"href":"https:\/\/zjarr.tv\/en\/wp-json\/wp\/v2\/users\/2013"}],"replies":[{"embeddable":true,"href":"https:\/\/zjarr.tv\/en\/wp-json\/wp\/v2\/comments?post=86296"}],"version-history":[{"count":0,"href":"https:\/\/zjarr.tv\/en\/wp-json\/wp\/v2\/posts\/86296\/revisions"}],"wp:featuredmedia":[{"embeddable":true,"href":"https:\/\/zjarr.tv\/en\/wp-json\/wp\/v2\/media\/86297"}],"wp:attachment":[{"href":"https:\/\/zjarr.tv\/en\/wp-json\/wp\/v2\/media?parent=86296"}],"wp:term":[{"taxonomy":"category","embeddable":true,"href":"https:\/\/zjarr.tv\/en\/wp-json\/wp\/v2\/categories?post=86296"},{"taxonomy":"post_tag","embeddable":true,"href":"https:\/\/zjarr.tv\/en\/wp-json\/wp\/v2\/tags?post=86296"}],"curies":[{"name":"wp","href":"https:\/\/api.w.org\/{rel}","templated":true}]}}