{"id":86315,"date":"2019-05-28T18:40:30","date_gmt":"2019-05-28T16:40:30","guid":{"rendered":"https:\/\/zjarr.tv\/?p=86315"},"modified":"2019-05-28T15:33:29","modified_gmt":"2019-05-28T13:33:29","slug":"haradinaj-u-pergjigjet-thirrjeve-te-vucicit-per-te-nderhyre-me-ushtri-ne-veri-operacioni-nuk-eshte-kunder-popullates-serbe","status":"publish","type":"post","link":"https:\/\/zjarr.tv\/en\/haradinaj-u-pergjigjet-thirrjeve-te-vucicit-per-te-nderhyre-me-ushtri-ne-veri-operacioni-nuk-eshte-kunder-popullates-serbe\/","title":{"rendered":"Haradinaj u p\u00ebrgjigjet thirrjeve t\u00eb Vu\u00e7i\u00e7it p\u00ebr t\u00eb nd\u00ebrhyr\u00eb me ushtri n\u00eb veri, operacioni nuk \u00ebsht\u00eb kund\u00ebr popullat\u00ebs serbe"},"content":{"rendered":"<p>Kryeministri i Kosov\u00ebs, Ramush Haradinaj, n\u00eb nj\u00eb konferenc\u00eb p\u00ebr media pas mbledhjes s\u00eb Qeveris\u00eb reagoi ndaj deklaratave t\u00eb presidentit t\u00eb Serbis\u00eb, Aleksand\u00ebr Vu\u00e7iq p\u00ebr t\u00eb nd\u00ebrhyr\u00eb me ushtri n\u00eb veriun e Kosov\u00ebs pas aksionit t\u00eb sot\u00ebm t\u00eb Policis\u00eb s\u00eb Kosov\u00ebs atje, raporton \u201cZ\u00ebri.info\u201d.<\/p>\n<p>Ai tha se deklaratat e tilla jan\u00eb t\u00eb padrejta dhe se aksioni i sot\u00ebm ishte kund\u00ebr individ\u00ebve q\u00eb kan\u00eb shkelur ligjin dhe jo ndaj popullat\u00ebs serbe.<\/p>\n<p>\u201c\u00cbsht\u00eb i padrejt\u00eb si reagim sepse luftimi i krimit \u00ebsht\u00eb e drejt\u00eb e jona dhe \u00ebsht\u00eb e pakuptimt\u00eb q\u00eb Serbia t\u00eb vihet n\u00eb mbrojtje t\u00eb krimit. Nuk ka nevoj\u00eb p\u00ebr k\u00ebso retorike nga Serbia dhe nga askush, zbatimi i ligjt \u00ebsh\u00eb vler\u00eb evropiane, Serbia synon t\u00eb hyj\u00eb n\u00eb BE prandaj duhet ta luftoj\u00eb krimin dhe jo ta mbroj\u00eb\u201d, ka th\u00ebn\u00eb Haradinaj.<\/p>\n<p>Ai komentoi edhe plagosjen e nj\u00eb rusi n\u00eb k\u00ebt\u00eb pjes\u00eb t\u00eb veriut.<\/p>\n<p>Tutje mohoi mund\u00ebsin\u00eb se edhe 20 vite pas luft\u00ebs zbatimi i ligjit n\u00eb komunat me shumic\u00eb serbe \u00ebsht\u00eb sfid\u00eb p\u00ebr shtetin e Kosov\u00ebs.<\/p>\n<p>\u201cNe e respektojm\u00eb imunitetin e p\u00ebrfaq\u00ebsuse\u00ebve t\u00eb organizatave nd\u00ebrkomb\u00ebtare por n\u00ebse nj\u00ebri nga ta rrezikon sigurin\u00eb e vendit ne zbatojm\u00eb ligjin n\u00eb baz\u00eb t\u00eb konventave nd\u00ebrkomb\u00ebtare. Nuk dua ta lidh me agjend\u00ebn e Rusis\u00eb sepse dihet agjenda e Rusis\u00eb p\u00ebr destabilizim. Nuk ka sfid\u00eb p\u00ebr zbatimin e ligjit n\u00eb Kosov\u00eb nuk ka vend ku nuk zbatohet ligji n\u00eb Kosov\u00eb. Krimi nuk do t\u00eb fitoj\u00eb ju e pat\u00eb edhe sot tentativat p\u00ebr ta ndalur policin\u00eb por nuk funskionuan\u201d, ka theksuar ai.<\/p>\n<p>&nbsp;<\/p>","protected":false},"excerpt":{"rendered":"<p>Kryeministri i Kosov\u00ebs, Ramush Haradinaj, n\u00eb nj\u00eb konferenc\u00eb p\u00ebr media pas mbledhjes s\u00eb Qeveris\u00eb reagoi ndaj deklaratave t\u00eb presidentit t\u00eb Serbis\u00eb, Aleksand\u00ebr Vu\u00e7iq p\u00ebr t\u00eb nd\u00ebrhyr\u00eb me ushtri n\u00eb veriun e Kosov\u00ebs pas aksionit t\u00eb sot\u00ebm t\u00eb Policis\u00eb s\u00eb Kosov\u00ebs atje, raporton \u201cZ\u00ebri.info\u201d. Ai tha se deklaratat e tilla jan\u00eb t\u00eb padrejta dhe se aksioni [&hellip;]<\/p>\n","protected":false},"author":2013,"featured_media":69674,"comment_status":"open","ping_status":"closed","sticky":false,"template":"","format":"standard","meta":{"footnotes":""},"categories":[241,2],"tags":[],"class_list":{"0":"post-86315","1":"post","2":"type-post","3":"status-publish","4":"format-standard","5":"has-post-thumbnail","7":"category-aktualitet","8":"category-rajoni"},"_links":{"self":[{"href":"https:\/\/zjarr.tv\/en\/wp-json\/wp\/v2\/posts\/86315","targetHints":{"allow":["GET"]}}],"collection":[{"href":"https:\/\/zjarr.tv\/en\/wp-json\/wp\/v2\/posts"}],"about":[{"href":"https:\/\/zjarr.tv\/en\/wp-json\/wp\/v2\/types\/post"}],"author":[{"embeddable":true,"href":"https:\/\/zjarr.tv\/en\/wp-json\/wp\/v2\/users\/2013"}],"replies":[{"embeddable":true,"href":"https:\/\/zjarr.tv\/en\/wp-json\/wp\/v2\/comments?post=86315"}],"version-history":[{"count":0,"href":"https:\/\/zjarr.tv\/en\/wp-json\/wp\/v2\/posts\/86315\/revisions"}],"wp:featuredmedia":[{"embeddable":true,"href":"https:\/\/zjarr.tv\/en\/wp-json\/wp\/v2\/media\/69674"}],"wp:attachment":[{"href":"https:\/\/zjarr.tv\/en\/wp-json\/wp\/v2\/media?parent=86315"}],"wp:term":[{"taxonomy":"category","embeddable":true,"href":"https:\/\/zjarr.tv\/en\/wp-json\/wp\/v2\/categories?post=86315"},{"taxonomy":"post_tag","embeddable":true,"href":"https:\/\/zjarr.tv\/en\/wp-json\/wp\/v2\/tags?post=86315"}],"curies":[{"name":"wp","href":"https:\/\/api.w.org\/{rel}","templated":true}]}}