{"id":86332,"date":"2019-05-28T19:40:20","date_gmt":"2019-05-28T17:40:20","guid":{"rendered":"https:\/\/zjarr.tv\/?p=86332"},"modified":"2019-05-28T15:47:48","modified_gmt":"2019-05-28T13:47:48","slug":"e-pyeti-per-akuzat-e-korrupsionit-zyrtari-perplas-ne-toke-gazetarin","status":"publish","type":"post","link":"https:\/\/zjarr.tv\/en\/e-pyeti-per-akuzat-e-korrupsionit-zyrtari-perplas-ne-toke-gazetarin\/","title":{"rendered":"E pyeti p\u00ebr akuzat e korrupsionit, zyrtari p\u00ebrplas n\u00eb tok\u00eb gazetarin"},"content":{"rendered":"<p>Ky \u00ebsht\u00eb momenti kur nj\u00eb zyrtar rus p\u00ebrplas n\u00eb tok\u00eb nj\u00eb gazetar, i cili po e pyeste n\u00eb lidhje me disa akuza p\u00ebr korrupsion.<\/p>\n<p>Sergei Zaitsev i kapi mikrofonin gazetarit Ivan Litomin duke e hedhur at\u00eb n\u00eb tok\u00eb.<\/p>\n<p>Zyrtari 52-vje\u00e7ar humbi kontrollin pas pyetjeve q\u00eb po i b\u00ebnte gazetari.<\/p>\n<p>Pasi e rr\u00ebzoi n\u00eb tok\u00eb, gazetari i k\u00ebrkoi zyrtarit q\u00eb t\u00eb mos e prekte kamer\u00ebn, por Zaitsev u p\u00ebrgjigj duke i th\u00ebn\u00eb se kamer\u00ebn do ia fluturonte nga dritarja.<\/p>\n<p>&nbsp;<\/p>","protected":false},"excerpt":{"rendered":"<p>Ky \u00ebsht\u00eb momenti kur nj\u00eb zyrtar rus p\u00ebrplas n\u00eb tok\u00eb nj\u00eb gazetar, i cili po e pyeste n\u00eb lidhje me disa akuza p\u00ebr korrupsion. Sergei Zaitsev i kapi mikrofonin gazetarit Ivan Litomin duke e hedhur at\u00eb n\u00eb tok\u00eb. Zyrtari 52-vje\u00e7ar humbi kontrollin pas pyetjeve q\u00eb po i b\u00ebnte gazetari. Pasi e rr\u00ebzoi n\u00eb tok\u00eb, gazetari [&hellip;]<\/p>\n","protected":false},"author":2013,"featured_media":86333,"comment_status":"open","ping_status":"closed","sticky":false,"template":"","format":"standard","meta":{"footnotes":""},"categories":[241,191],"tags":[],"class_list":{"0":"post-86332","1":"post","2":"type-post","3":"status-publish","4":"format-standard","5":"has-post-thumbnail","7":"category-aktualitet","8":"category-bota"},"_links":{"self":[{"href":"https:\/\/zjarr.tv\/en\/wp-json\/wp\/v2\/posts\/86332","targetHints":{"allow":["GET"]}}],"collection":[{"href":"https:\/\/zjarr.tv\/en\/wp-json\/wp\/v2\/posts"}],"about":[{"href":"https:\/\/zjarr.tv\/en\/wp-json\/wp\/v2\/types\/post"}],"author":[{"embeddable":true,"href":"https:\/\/zjarr.tv\/en\/wp-json\/wp\/v2\/users\/2013"}],"replies":[{"embeddable":true,"href":"https:\/\/zjarr.tv\/en\/wp-json\/wp\/v2\/comments?post=86332"}],"version-history":[{"count":0,"href":"https:\/\/zjarr.tv\/en\/wp-json\/wp\/v2\/posts\/86332\/revisions"}],"wp:featuredmedia":[{"embeddable":true,"href":"https:\/\/zjarr.tv\/en\/wp-json\/wp\/v2\/media\/86333"}],"wp:attachment":[{"href":"https:\/\/zjarr.tv\/en\/wp-json\/wp\/v2\/media?parent=86332"}],"wp:term":[{"taxonomy":"category","embeddable":true,"href":"https:\/\/zjarr.tv\/en\/wp-json\/wp\/v2\/categories?post=86332"},{"taxonomy":"post_tag","embeddable":true,"href":"https:\/\/zjarr.tv\/en\/wp-json\/wp\/v2\/tags?post=86332"}],"curies":[{"name":"wp","href":"https:\/\/api.w.org\/{rel}","templated":true}]}}