{"id":86341,"date":"2019-05-28T16:05:42","date_gmt":"2019-05-28T14:05:42","guid":{"rendered":"https:\/\/zjarr.tv\/?p=86341"},"modified":"2019-05-28T16:05:42","modified_gmt":"2019-05-28T14:05:42","slug":"ruci-me-delegacionin-amerikan-reforma-ne-drejtesi-e-pakthyeshme","status":"publish","type":"post","link":"https:\/\/zjarr.tv\/en\/ruci-me-delegacionin-amerikan-reforma-ne-drejtesi-e-pakthyeshme\/","title":{"rendered":"Ru\u00e7i me delegacionin amerikan: Reforma n\u00eb drejt\u00ebsi, e pakthyeshme"},"content":{"rendered":"<p>Kryetari i Kuvendit, Gramoz Ru\u00e7i, priti n\u00eb Kryesin\u00eb e Kuvendit delegacionin e Kongresit Amerikan dhe t\u00eb K\u00ebshillit Atlantik, t\u00eb cil\u00ebt ndodhen p\u00ebr vizit\u00eb n\u00eb Shqip\u00ebri dhe n\u00eb disa vende t\u00eb rajonit.<\/p>\n<p>Ru\u00e7i, shprehu mir\u00ebnjohjen p\u00ebr mb\u00ebshtetjen e SHBA p\u00ebr reformat integruese n\u00eb Shqip\u00ebri, sidomos Reform\u00ebs n\u00eb Drejt\u00ebsi, e cila \u00ebsht\u00eb e pakthyeshme dhe e papengueshme.<\/p>\n<p>\u201cShpreh mir\u00ebnjohjen p\u00ebr mb\u00ebshtetjen nga SHBA t\u00eb reformave integruese, sidomos reform\u00ebs n\u00eb drejt\u00ebsi, e cila \u00ebsht\u00eb e pakthyeshme dhe e papengueshme.\u201d, vuri n\u00eb dukje Kryetari i Kuvendit.<\/p>\n<p>Kryetari i Kuvendit, Gramoz Ru\u00e7i, bashk\u00ebbisedoi me an\u00ebtar\u00ebt e delegacionit edhe p\u00ebr situat\u00ebn politike n\u00eb Shqip\u00ebri, ecurin\u00eb e reformave si edhe p\u00ebr kujdesin q\u00eb duhet t\u00eb tregohet p\u00ebr t\u00eb ruajtur kursin euro-atlantik, si alternativa e vetme e zhvillimit, paqes dhe stabilitetit t\u00eb rajonit.<\/p>\n<p>Delegacioni amerikan shprehu vler\u00ebsimet m\u00eb t\u00eb larta p\u00ebr rolin konstruktiv t\u00eb Shqip\u00ebris\u00eb n\u00eb zhvillimet rajonale, p\u00ebr zhvillimin, paqen, sigurin\u00eb e stabilitetin n\u00eb Ballkanin Per\u00ebndimor.<\/p>\n<p>&nbsp;<\/p>","protected":false},"excerpt":{"rendered":"<p>Kryetari i Kuvendit, Gramoz Ru\u00e7i, priti n\u00eb Kryesin\u00eb e Kuvendit delegacionin e Kongresit Amerikan dhe t\u00eb K\u00ebshillit Atlantik, t\u00eb cil\u00ebt ndodhen p\u00ebr vizit\u00eb n\u00eb Shqip\u00ebri dhe n\u00eb disa vende t\u00eb rajonit. Ru\u00e7i, shprehu mir\u00ebnjohjen p\u00ebr mb\u00ebshtetjen e SHBA p\u00ebr reformat integruese n\u00eb Shqip\u00ebri, sidomos Reform\u00ebs n\u00eb Drejt\u00ebsi, e cila \u00ebsht\u00eb e pakthyeshme dhe e papengueshme. [&hellip;]<\/p>\n","protected":false},"author":2013,"featured_media":86342,"comment_status":"open","ping_status":"closed","sticky":false,"template":"","format":"standard","meta":{"footnotes":""},"categories":[241,235],"tags":[],"class_list":{"0":"post-86341","1":"post","2":"type-post","3":"status-publish","4":"format-standard","5":"has-post-thumbnail","7":"category-aktualitet","8":"category-vendi"},"_links":{"self":[{"href":"https:\/\/zjarr.tv\/en\/wp-json\/wp\/v2\/posts\/86341","targetHints":{"allow":["GET"]}}],"collection":[{"href":"https:\/\/zjarr.tv\/en\/wp-json\/wp\/v2\/posts"}],"about":[{"href":"https:\/\/zjarr.tv\/en\/wp-json\/wp\/v2\/types\/post"}],"author":[{"embeddable":true,"href":"https:\/\/zjarr.tv\/en\/wp-json\/wp\/v2\/users\/2013"}],"replies":[{"embeddable":true,"href":"https:\/\/zjarr.tv\/en\/wp-json\/wp\/v2\/comments?post=86341"}],"version-history":[{"count":0,"href":"https:\/\/zjarr.tv\/en\/wp-json\/wp\/v2\/posts\/86341\/revisions"}],"wp:featuredmedia":[{"embeddable":true,"href":"https:\/\/zjarr.tv\/en\/wp-json\/wp\/v2\/media\/86342"}],"wp:attachment":[{"href":"https:\/\/zjarr.tv\/en\/wp-json\/wp\/v2\/media?parent=86341"}],"wp:term":[{"taxonomy":"category","embeddable":true,"href":"https:\/\/zjarr.tv\/en\/wp-json\/wp\/v2\/categories?post=86341"},{"taxonomy":"post_tag","embeddable":true,"href":"https:\/\/zjarr.tv\/en\/wp-json\/wp\/v2\/tags?post=86341"}],"curies":[{"name":"wp","href":"https:\/\/api.w.org\/{rel}","templated":true}]}}