{"id":86344,"date":"2019-05-28T16:08:25","date_gmt":"2019-05-28T14:08:25","guid":{"rendered":"https:\/\/zjarr.tv\/?p=86344"},"modified":"2019-05-28T16:08:25","modified_gmt":"2019-05-28T14:08:25","slug":"antiterrori-procedon-tifozin-bente-thirrje-antikombetare-ne-ndeshjen-laci-tirana","status":"publish","type":"post","link":"https:\/\/zjarr.tv\/en\/antiterrori-procedon-tifozin-bente-thirrje-antikombetare-ne-ndeshjen-laci-tirana\/","title":{"rendered":"Antiterrori procedon tifozin, b\u00ebnte thirrje antikomb\u00ebtare n\u00eb ndeshjen La\u00e7i-Tirana"},"content":{"rendered":"<p>Antiterrori ka proceduar penalisht tifozin, me iniciale M.N, q\u00eb b\u00ebnte thirrje antikomb\u00ebtare n\u00eb ndeshjen La\u00e7i-Tirana.<\/p>\n<p>Burime nga Drejtoria e Antiterrorit b\u00ebjn\u00eb me dije se menj\u00ebher\u00eb pas p\u00ebrfundimit t\u00eb ndeshjes , ku gjat\u00eb t\u00eb cil\u00ebs nj\u00eb tifoz ka b\u00ebr\u00eb thirrje me p\u00ebrmbajtje fetare n\u00eb stadium, ka shoq\u00ebruar dhe n\u00eb p\u00ebrfundim t\u00eb veprimeve ka proceduar penalisht shtetasin M.M, 23 vje\u00e7 nga Tirana p\u00ebr vepr\u00ebn penale &#8220;Nxita e urrejtjes&#8221;.<\/p>\n<p>\u201cT\u00eb q*fsha motr\u00ebn, Allahu Ekber\u201d, ishin disa prej thirrjeve n\u00eb kor gjat\u00eb ndeshjes.<\/p>\n<p>&nbsp;<\/p>","protected":false},"excerpt":{"rendered":"<p>Antiterrori ka proceduar penalisht tifozin, me iniciale M.N, q\u00eb b\u00ebnte thirrje antikomb\u00ebtare n\u00eb ndeshjen La\u00e7i-Tirana. Burime nga Drejtoria e Antiterrorit b\u00ebjn\u00eb me dije se menj\u00ebher\u00eb pas p\u00ebrfundimit t\u00eb ndeshjes , ku gjat\u00eb t\u00eb cil\u00ebs nj\u00eb tifoz ka b\u00ebr\u00eb thirrje me p\u00ebrmbajtje fetare n\u00eb stadium, ka shoq\u00ebruar dhe n\u00eb p\u00ebrfundim t\u00eb veprimeve ka proceduar penalisht shtetasin [&hellip;]<\/p>\n","protected":false},"author":2013,"featured_media":64969,"comment_status":"open","ping_status":"closed","sticky":false,"template":"","format":"standard","meta":{"footnotes":""},"categories":[241,192],"tags":[],"class_list":{"0":"post-86344","1":"post","2":"type-post","3":"status-publish","4":"format-standard","5":"has-post-thumbnail","7":"category-aktualitet","8":"category-sport"},"_links":{"self":[{"href":"https:\/\/zjarr.tv\/en\/wp-json\/wp\/v2\/posts\/86344","targetHints":{"allow":["GET"]}}],"collection":[{"href":"https:\/\/zjarr.tv\/en\/wp-json\/wp\/v2\/posts"}],"about":[{"href":"https:\/\/zjarr.tv\/en\/wp-json\/wp\/v2\/types\/post"}],"author":[{"embeddable":true,"href":"https:\/\/zjarr.tv\/en\/wp-json\/wp\/v2\/users\/2013"}],"replies":[{"embeddable":true,"href":"https:\/\/zjarr.tv\/en\/wp-json\/wp\/v2\/comments?post=86344"}],"version-history":[{"count":0,"href":"https:\/\/zjarr.tv\/en\/wp-json\/wp\/v2\/posts\/86344\/revisions"}],"wp:featuredmedia":[{"embeddable":true,"href":"https:\/\/zjarr.tv\/en\/wp-json\/wp\/v2\/media\/64969"}],"wp:attachment":[{"href":"https:\/\/zjarr.tv\/en\/wp-json\/wp\/v2\/media?parent=86344"}],"wp:term":[{"taxonomy":"category","embeddable":true,"href":"https:\/\/zjarr.tv\/en\/wp-json\/wp\/v2\/categories?post=86344"},{"taxonomy":"post_tag","embeddable":true,"href":"https:\/\/zjarr.tv\/en\/wp-json\/wp\/v2\/tags?post=86344"}],"curies":[{"name":"wp","href":"https:\/\/api.w.org\/{rel}","templated":true}]}}