{"id":86358,"date":"2019-05-28T20:40:40","date_gmt":"2019-05-28T18:40:40","guid":{"rendered":"https:\/\/zjarr.tv\/?p=86358"},"modified":"2019-05-28T16:19:22","modified_gmt":"2019-05-28T14:19:22","slug":"kandidati-per-kryeminister-premton-shtetesi-britanike-per-te-gjithe-personat-qe-jetojne-ne-kete-shtet","status":"publish","type":"post","link":"https:\/\/zjarr.tv\/en\/kandidati-per-kryeminister-premton-shtetesi-britanike-per-te-gjithe-personat-qe-jetojne-ne-kete-shtet\/","title":{"rendered":"Kandidati p\u00ebr kryeminist\u00ebr, premton shtet\u00ebsi britanike p\u00ebr t\u00eb gjith\u00eb personat q\u00eb jetojn\u00eb n\u00eb k\u00ebt\u00eb shtet"},"content":{"rendered":"<p>Michael Cove ka b\u00ebr\u00eb t\u00eb ditur kandidatur\u00ebn e tij q\u00eb t\u00eb jet\u00eb pasardh\u00ebs i Theresa May si lider i partis\u00eb konservative gjat\u00eb vikendit, ka premtuar q\u00eb do ofroj\u00eb shtet\u00ebsin\u00eb britanike p\u00ebr t\u00eb gjith\u00eb personat e shteteve t\u00eb Bashkimit Evropian q\u00eb kan\u00eb qen\u00eb duke jetuar n\u00eb Britani n\u00eb koh\u00ebn e referendumit t\u00eb vitit 2016.<\/p>\n<p>M\u00ebsohet se jan\u00eb 3 milion\u00eb qytetar\u00eb t\u00eb BE\u2019s\u00eb n\u00eb Britani q\u00eb mund t\u00eb p\u00ebrfitojn\u00eb nga kjo ofert\u00eb.<\/p>\n<p>Tani p\u00ebr tani duhet q\u00eb \u00e7do qytetar i BE\u2019s\u00eb t\u00eb ket\u00eb q\u00ebndruar s\u00eb paku pes\u00eb vite n\u00eb shtetin britanik n\u00eb m\u00ebnyr\u00eb q\u00eb t\u00eb marr\u00eb pasaport\u00ebn britanike.<\/p>\n<p>Zgjedhjet p\u00ebr kryeminist\u00ebr t\u00eb Britanis\u00eb t\u00eb Madhe jan\u00eb nj\u00eb proces i gjat\u00eb q\u00eb pritet t\u00eb p\u00ebrfundoj\u00eb n\u00eb muajin korrik.<\/p>\n<p>Britania po p\u00ebrballet me sfida t\u00eb m\u00ebdha pasi q\u00eb pritet q\u00eb ajo t\u00eb dal\u00eb nga BE\u2019ja por ende nuk ka arritur deri n\u00eb nj\u00eb p\u00ebrfundim t\u00eb p\u00ebrbashk\u00ebt t\u00eb brendsh\u00ebm se si \u00ebsht\u00eb m\u00ebnyra m\u00eb e mir\u00eb p\u00ebr t\u00eb e b\u00ebr\u00eb k\u00ebt\u00eb.<\/p>\n<p>&nbsp;<\/p>","protected":false},"excerpt":{"rendered":"<p>Michael Cove ka b\u00ebr\u00eb t\u00eb ditur kandidatur\u00ebn e tij q\u00eb t\u00eb jet\u00eb pasardh\u00ebs i Theresa May si lider i partis\u00eb konservative gjat\u00eb vikendit, ka premtuar q\u00eb do ofroj\u00eb shtet\u00ebsin\u00eb britanike p\u00ebr t\u00eb gjith\u00eb personat e shteteve t\u00eb Bashkimit Evropian q\u00eb kan\u00eb qen\u00eb duke jetuar n\u00eb Britani n\u00eb koh\u00ebn e referendumit t\u00eb vitit 2016. M\u00ebsohet se [&hellip;]<\/p>\n","protected":false},"author":2013,"featured_media":86359,"comment_status":"open","ping_status":"closed","sticky":false,"template":"","format":"standard","meta":{"footnotes":""},"categories":[241,191],"tags":[],"class_list":{"0":"post-86358","1":"post","2":"type-post","3":"status-publish","4":"format-standard","5":"has-post-thumbnail","7":"category-aktualitet","8":"category-bota"},"_links":{"self":[{"href":"https:\/\/zjarr.tv\/en\/wp-json\/wp\/v2\/posts\/86358","targetHints":{"allow":["GET"]}}],"collection":[{"href":"https:\/\/zjarr.tv\/en\/wp-json\/wp\/v2\/posts"}],"about":[{"href":"https:\/\/zjarr.tv\/en\/wp-json\/wp\/v2\/types\/post"}],"author":[{"embeddable":true,"href":"https:\/\/zjarr.tv\/en\/wp-json\/wp\/v2\/users\/2013"}],"replies":[{"embeddable":true,"href":"https:\/\/zjarr.tv\/en\/wp-json\/wp\/v2\/comments?post=86358"}],"version-history":[{"count":0,"href":"https:\/\/zjarr.tv\/en\/wp-json\/wp\/v2\/posts\/86358\/revisions"}],"wp:featuredmedia":[{"embeddable":true,"href":"https:\/\/zjarr.tv\/en\/wp-json\/wp\/v2\/media\/86359"}],"wp:attachment":[{"href":"https:\/\/zjarr.tv\/en\/wp-json\/wp\/v2\/media?parent=86358"}],"wp:term":[{"taxonomy":"category","embeddable":true,"href":"https:\/\/zjarr.tv\/en\/wp-json\/wp\/v2\/categories?post=86358"},{"taxonomy":"post_tag","embeddable":true,"href":"https:\/\/zjarr.tv\/en\/wp-json\/wp\/v2\/tags?post=86358"}],"curies":[{"name":"wp","href":"https:\/\/api.w.org\/{rel}","templated":true}]}}