{"id":86367,"date":"2019-05-28T16:27:16","date_gmt":"2019-05-28T14:27:16","guid":{"rendered":"https:\/\/zjarr.tv\/?p=86367"},"modified":"2019-05-28T16:27:16","modified_gmt":"2019-05-28T14:27:16","slug":"bashkia-kamez-nderon-deshmoren-e-kombit-kopshti-i-femijeve-merr-emrin-e-zarife-hasanaj","status":"publish","type":"post","link":"https:\/\/zjarr.tv\/en\/bashkia-kamez-nderon-deshmoren-e-kombit-kopshti-i-femijeve-merr-emrin-e-zarife-hasanaj\/","title":{"rendered":"Bashkia Kam\u00ebz nderon &#8216;D\u00ebshmoren e Kombit&#8217;\/ Kopshti i f\u00ebmij\u00ebve merr emrin e Zarife Hasanaj"},"content":{"rendered":"<p>Bashkia Kam\u00ebz dhe kryetari i saj, Xhelal Mziu ka vendosur t\u00eb nderoj\u00eb emrin dhe vepr\u00ebn e ushtarakes shqiptare, Zarife Hasanaj, e cila humbi jet\u00ebn jav\u00eb m\u00eb par\u00eb n\u00eb nj\u00eb mision t\u00eb jet\u00ebs n\u00eb Letoni.<\/p>\n<p>Kopshti i f\u00ebmij\u00ebve n\u00eb Fush\u00eb-K\u00ebr\u00e7ik, Babrru, nga dita e nes\u00ebrme do t\u00eb mbaj\u00eb emrin e d\u00ebshmores s\u00eb kombit.<\/p>\n<p>Njoftim zyrtar<\/p>\n<p>Bashkia Kam\u00ebz n\u00ebp\u00ebrmjet k\u00ebtij njoftimi zyrtar fton t\u00eb gjitha mediat vizive (televizonet komb\u00ebtare dhe t\u00eb tjera) si dhe ato t\u00eb shkruara t\u00eb marin pjes\u00eb n\u00eb ceremonin\u00eb e p\u00ebrurimit t\u00eb kopshtit t\u00eb f\u00ebmij\u00ebve me emrin e d\u00ebshmores s\u00eb Atdheut n\u00ebntetares \u201cZarife Muharrem Hasanaj\u201d n\u00eb Fush\u00eb-K\u00ebr\u00e7ik, Babrru, me date 29-05-2019 ora 10:30.<br \/>\nBashkia Kam\u00ebz krahas mediave vizive dhe ato t\u00eb shkruara, fton cdo qytetar t\u00eb territorit Bashkis\u00eb Kam\u00ebz edhe m\u00eb gj\u00ebr\u00eb p\u00ebr tu b\u00ebr\u00eb pjes\u00eb e r\u00ebndesishme e k\u00ebsaj ceremonie me p\u00ebrmasa komb\u00ebtare.<\/p>","protected":false},"excerpt":{"rendered":"<p>Bashkia Kam\u00ebz dhe kryetari i saj, Xhelal Mziu ka vendosur t\u00eb nderoj\u00eb emrin dhe vepr\u00ebn e ushtarakes shqiptare, Zarife Hasanaj, e cila humbi jet\u00ebn jav\u00eb m\u00eb par\u00eb n\u00eb nj\u00eb mision t\u00eb jet\u00ebs n\u00eb Letoni. Kopshti i f\u00ebmij\u00ebve n\u00eb Fush\u00eb-K\u00ebr\u00e7ik, Babrru, nga dita e nes\u00ebrme do t\u00eb mbaj\u00eb emrin e d\u00ebshmores s\u00eb kombit. Njoftim zyrtar Bashkia [&hellip;]<\/p>\n","protected":false},"author":2013,"featured_media":83246,"comment_status":"open","ping_status":"closed","sticky":false,"template":"","format":"standard","meta":{"footnotes":""},"categories":[241,235],"tags":[],"class_list":{"0":"post-86367","1":"post","2":"type-post","3":"status-publish","4":"format-standard","5":"has-post-thumbnail","7":"category-aktualitet","8":"category-vendi"},"_links":{"self":[{"href":"https:\/\/zjarr.tv\/en\/wp-json\/wp\/v2\/posts\/86367","targetHints":{"allow":["GET"]}}],"collection":[{"href":"https:\/\/zjarr.tv\/en\/wp-json\/wp\/v2\/posts"}],"about":[{"href":"https:\/\/zjarr.tv\/en\/wp-json\/wp\/v2\/types\/post"}],"author":[{"embeddable":true,"href":"https:\/\/zjarr.tv\/en\/wp-json\/wp\/v2\/users\/2013"}],"replies":[{"embeddable":true,"href":"https:\/\/zjarr.tv\/en\/wp-json\/wp\/v2\/comments?post=86367"}],"version-history":[{"count":0,"href":"https:\/\/zjarr.tv\/en\/wp-json\/wp\/v2\/posts\/86367\/revisions"}],"wp:featuredmedia":[{"embeddable":true,"href":"https:\/\/zjarr.tv\/en\/wp-json\/wp\/v2\/media\/83246"}],"wp:attachment":[{"href":"https:\/\/zjarr.tv\/en\/wp-json\/wp\/v2\/media?parent=86367"}],"wp:term":[{"taxonomy":"category","embeddable":true,"href":"https:\/\/zjarr.tv\/en\/wp-json\/wp\/v2\/categories?post=86367"},{"taxonomy":"post_tag","embeddable":true,"href":"https:\/\/zjarr.tv\/en\/wp-json\/wp\/v2\/tags?post=86367"}],"curies":[{"name":"wp","href":"https:\/\/api.w.org\/{rel}","templated":true}]}}