{"id":86385,"date":"2019-05-28T17:19:28","date_gmt":"2019-05-28T15:19:28","guid":{"rendered":"https:\/\/zjarr.tv\/?p=86385"},"modified":"2019-05-28T17:19:28","modified_gmt":"2019-05-28T15:19:28","slug":"basha-ne-elbasan-presim-mijera-qytetare-atmosfera-eshte-ndezur","status":"publish","type":"post","link":"https:\/\/zjarr.tv\/en\/basha-ne-elbasan-presim-mijera-qytetare-atmosfera-eshte-ndezur\/","title":{"rendered":"Basha n\u00eb Elbasan: Presim mij\u00ebra qytetar\u00eb, atmosfera \u00ebsht\u00eb ndezur"},"content":{"rendered":"<p>Me thirrje \u201cRama ik\u201d, dhe \u201cMir\u00ebsevjen kryeminist\u00ebr i ardhsh\u00ebm\u201d, k\u00ebshtu pritet kreu i PD-s\u00eb Lulzim Basha pak para takimit n\u00eb Elbasan. \u00cbsht\u00eb vet\u00eb ai q\u00eb ndan pamjet nga vizita e tij, nd\u00ebrsa njofton se takimi me qytetar\u00ebt e k\u00ebtij qyteti ishte parashikuar n\u00eb or\u00ebn 17:00, por si shkak i trafikut do t\u00eb vonohet paksa.<\/p>\n<p>\u201c\u00cbsht\u00eb nj\u00eb vargan i gjat\u00eb, nga rrethrrotullimi q\u00eb del nga autostrada. Ne presim mij\u00ebra qytetar\u00eb n\u00eb takimin n\u00eb Elbasan, n\u00eb or\u00ebn 17;00. K\u00ebrkoj ndjes\u00eb q\u00eb do jemi pak von\u00eb. \u00a0P\u00ebrsh\u00ebndetjet vijn\u00eb edhe nga automjetet q\u00eb jan\u00eb drejtuar edhe n\u00eb kahun kund\u00ebr. \u00cbsht\u00eb nj\u00eb atmosfer\u00eb e ndezur. \u201c-shprehet Basha.<\/p>\n<p>&nbsp;<\/p>","protected":false},"excerpt":{"rendered":"<p>Me thirrje \u201cRama ik\u201d, dhe \u201cMir\u00ebsevjen kryeminist\u00ebr i ardhsh\u00ebm\u201d, k\u00ebshtu pritet kreu i PD-s\u00eb Lulzim Basha pak para takimit n\u00eb Elbasan. \u00cbsht\u00eb vet\u00eb ai q\u00eb ndan pamjet nga vizita e tij, nd\u00ebrsa njofton se takimi me qytetar\u00ebt e k\u00ebtij qyteti ishte parashikuar n\u00eb or\u00ebn 17:00, por si shkak i trafikut do t\u00eb vonohet paksa. \u201c\u00cbsht\u00eb [&hellip;]<\/p>\n","protected":false},"author":2013,"featured_media":72265,"comment_status":"open","ping_status":"closed","sticky":false,"template":"","format":"standard","meta":{"footnotes":""},"categories":[241,235],"tags":[],"class_list":{"0":"post-86385","1":"post","2":"type-post","3":"status-publish","4":"format-standard","5":"has-post-thumbnail","7":"category-aktualitet","8":"category-vendi"},"_links":{"self":[{"href":"https:\/\/zjarr.tv\/en\/wp-json\/wp\/v2\/posts\/86385","targetHints":{"allow":["GET"]}}],"collection":[{"href":"https:\/\/zjarr.tv\/en\/wp-json\/wp\/v2\/posts"}],"about":[{"href":"https:\/\/zjarr.tv\/en\/wp-json\/wp\/v2\/types\/post"}],"author":[{"embeddable":true,"href":"https:\/\/zjarr.tv\/en\/wp-json\/wp\/v2\/users\/2013"}],"replies":[{"embeddable":true,"href":"https:\/\/zjarr.tv\/en\/wp-json\/wp\/v2\/comments?post=86385"}],"version-history":[{"count":0,"href":"https:\/\/zjarr.tv\/en\/wp-json\/wp\/v2\/posts\/86385\/revisions"}],"wp:featuredmedia":[{"embeddable":true,"href":"https:\/\/zjarr.tv\/en\/wp-json\/wp\/v2\/media\/72265"}],"wp:attachment":[{"href":"https:\/\/zjarr.tv\/en\/wp-json\/wp\/v2\/media?parent=86385"}],"wp:term":[{"taxonomy":"category","embeddable":true,"href":"https:\/\/zjarr.tv\/en\/wp-json\/wp\/v2\/categories?post=86385"},{"taxonomy":"post_tag","embeddable":true,"href":"https:\/\/zjarr.tv\/en\/wp-json\/wp\/v2\/tags?post=86385"}],"curies":[{"name":"wp","href":"https:\/\/api.w.org\/{rel}","templated":true}]}}