{"id":86390,"date":"2019-05-28T21:10:04","date_gmt":"2019-05-28T19:10:04","guid":{"rendered":"https:\/\/zjarr.tv\/?p=86390"},"modified":"2019-05-28T17:37:50","modified_gmt":"2019-05-28T15:37:50","slug":"lega-nord-i-pervishet-mogherinit-ne-5-vjet-nuk-beri-asgje","status":"publish","type":"post","link":"https:\/\/zjarr.tv\/en\/lega-nord-i-pervishet-mogherinit-ne-5-vjet-nuk-beri-asgje\/","title":{"rendered":"Lega Nord i p\u00ebrvishet Mogherinit: N\u00eb 5 vjet nuk b\u00ebri asgj\u00eb"},"content":{"rendered":"<p>Tani q\u00eb karriera e saj si P\u00ebrfaq\u00ebsues e Lart\u00eb p\u00ebr Politik\u00ebn e Jashtme t\u00eb Bashkimit Evropian po i vjen fundi, Lega Nord, partia fituese n\u00eb zgjedhjet p\u00ebr Parlamentin Europian n\u00eb Itali, ka l\u00ebshuar kritika shum\u00eb t\u00eb r\u00ebnda n\u00eb adres\u00eb t\u00eb Federica Mogherinit, p\u00ebr at\u00eb q\u00eb ka b\u00ebr\u00eb n\u00eb 5 vitet e pun\u00ebs s\u00eb saj n\u00eb Bruksel.<\/p>\n<p>&#8220;Mendoj se nj\u00eb pjes\u00eb e mir\u00eb e atyre q\u00eb ishin n\u00eb Evrop\u00eb nuk e mbronin vendin ton\u00eb, dhe un\u00eb mendoj n\u00eb m\u00ebnyr\u00eb t\u00eb ve\u00e7ant\u00eb p\u00ebr Mogherinin\u201d, \u00ebsht\u00eb shprehur ministri i Bujq\u00ebsis\u00eb, Gian Marco Centinaio.<\/p>\n<p>\u201cSa m\u00eb shpejt t\u00eb ndryshojm\u00eb, aq m\u00eb mir\u00eb&#8221;, shtoi ai.<\/p>\n<p>Sipas Lega Nord, ky do t\u00eb jet\u00eb &#8220;nj\u00eb moment i r\u00ebnd\u00ebsish\u00ebm p\u00ebr Evrop\u00ebn&#8221;, por gjithashtu &#8220;nj\u00eb moment shum\u00eb i r\u00ebnd\u00ebsish\u00ebm edhe p\u00ebr Italin\u00eb&#8221;.<\/p>\n<p>Deklaratat e politikanit italian kan\u00eba ardhur gjat\u00eb inaugurimit t\u00eb Shk\u00ebmbimit Nd\u00ebrkomb\u00ebtar t\u00eb Turizmit n\u00eb Kin\u00eb, ku Italia \u00ebsht\u00eb nj\u00eb vend mysafir nderi.<\/p>\n<p>&#8220;Ne kemi mund\u00ebsin\u00eb t\u00eb d\u00ebrgojm\u00eb nj\u00eb klas\u00eb t\u00eb re n\u00eb pushtet n\u00eb Evrop\u00eb,&#8221; vazhdoi Ministri i Bujq\u00ebsis\u00eb n\u00eb nj\u00eb takim me gazetar\u00ebt italian\u00eb.<\/p>\n<p>&#8220;Mendoj se nj\u00eb pjes\u00eb e mir\u00eb e atyre q\u00eb ishin n\u00eb Evrop\u00eb nuk e mbronte vendin ton\u00eb, dhe un\u00eb jam duke menduar n\u00eb ve\u00e7anti t\u00eb Mogherini\u201d, vazhdoi p\u00ebrfaq\u00ebsuesi i Lega Nord, dhe rrjedhimisht, sa m\u00eb shpejt t\u00eb ndryshojm\u00eb, aq m\u00eb mir\u00eb&#8221;.<\/p>\n<p>Vota e 26 majit mund t\u00eb konfirmoj\u00eb parashikimet e nj\u00eb Parlamenti Evropian t\u00eb rip\u00ebrt\u00ebrir\u00eb n\u00eb krahasim me at\u00eb q\u00eb po largohet.<\/p>","protected":false},"excerpt":{"rendered":"<p>Tani q\u00eb karriera e saj si P\u00ebrfaq\u00ebsues e Lart\u00eb p\u00ebr Politik\u00ebn e Jashtme t\u00eb Bashkimit Evropian po i vjen fundi, Lega Nord, partia fituese n\u00eb zgjedhjet p\u00ebr Parlamentin Europian n\u00eb Itali, ka l\u00ebshuar kritika shum\u00eb t\u00eb r\u00ebnda n\u00eb adres\u00eb t\u00eb Federica Mogherinit, p\u00ebr at\u00eb q\u00eb ka b\u00ebr\u00eb n\u00eb 5 vitet e pun\u00ebs s\u00eb saj n\u00eb [&hellip;]<\/p>\n","protected":false},"author":2013,"featured_media":49267,"comment_status":"open","ping_status":"closed","sticky":false,"template":"","format":"standard","meta":{"footnotes":""},"categories":[241,191],"tags":[],"class_list":{"0":"post-86390","1":"post","2":"type-post","3":"status-publish","4":"format-standard","5":"has-post-thumbnail","7":"category-aktualitet","8":"category-bota"},"_links":{"self":[{"href":"https:\/\/zjarr.tv\/en\/wp-json\/wp\/v2\/posts\/86390","targetHints":{"allow":["GET"]}}],"collection":[{"href":"https:\/\/zjarr.tv\/en\/wp-json\/wp\/v2\/posts"}],"about":[{"href":"https:\/\/zjarr.tv\/en\/wp-json\/wp\/v2\/types\/post"}],"author":[{"embeddable":true,"href":"https:\/\/zjarr.tv\/en\/wp-json\/wp\/v2\/users\/2013"}],"replies":[{"embeddable":true,"href":"https:\/\/zjarr.tv\/en\/wp-json\/wp\/v2\/comments?post=86390"}],"version-history":[{"count":0,"href":"https:\/\/zjarr.tv\/en\/wp-json\/wp\/v2\/posts\/86390\/revisions"}],"wp:featuredmedia":[{"embeddable":true,"href":"https:\/\/zjarr.tv\/en\/wp-json\/wp\/v2\/media\/49267"}],"wp:attachment":[{"href":"https:\/\/zjarr.tv\/en\/wp-json\/wp\/v2\/media?parent=86390"}],"wp:term":[{"taxonomy":"category","embeddable":true,"href":"https:\/\/zjarr.tv\/en\/wp-json\/wp\/v2\/categories?post=86390"},{"taxonomy":"post_tag","embeddable":true,"href":"https:\/\/zjarr.tv\/en\/wp-json\/wp\/v2\/tags?post=86390"}],"curies":[{"name":"wp","href":"https:\/\/api.w.org\/{rel}","templated":true}]}}