{"id":86410,"date":"2019-05-28T22:00:34","date_gmt":"2019-05-28T20:00:34","guid":{"rendered":"https:\/\/zjarr.tv\/?p=86410"},"modified":"2019-05-28T17:57:43","modified_gmt":"2019-05-28T15:57:43","slug":"skandal-trukimesh-ne-spanje-arrestohet-ish-ylli-i-real-madrid","status":"publish","type":"post","link":"https:\/\/zjarr.tv\/en\/skandal-trukimesh-ne-spanje-arrestohet-ish-ylli-i-real-madrid\/","title":{"rendered":"Skandal trukimesh n\u00eb Spanj\u00eb, arrestohet ish-ylli i Real Madrid"},"content":{"rendered":"<p>Nj\u00eb skandal i ri trondit futbollin spanjoll. Policia n\u00eb vend ka arrestuar futbollist\u00eb n\u00eb aktivitet, t\u00eb tjer\u00eb q\u00eb jan\u00eb larguar nga fusha, nj\u00eb president dhe nj\u00eb an\u00ebtar t\u00eb stafit mjek\u00ebsor t\u00eb nj\u00eb prej skuadrave n\u00eb La Liga. Mes t\u00eb ndaluar\u00ebve \u00ebsht\u00eb edhe ish-lojtari i Realit t\u00eb Madridit, Raul Bravo. Ky I fundit bashk\u00eb me t\u00eb hetuarit e tjer\u00eb, akuzohen se kan\u00eb trukuar dhe jan\u00eb p\u00ebrpjekur t\u00eb paracaktojn\u00eb rezultatin e disa ndeshjeve n\u00eb tre kategorit\u00eb e para t\u00eb futbollit spanjoll n\u00eb sezonet 20016\/2017 dhe 2017\/2018.<\/p>\n<p>Sipas hetues\u00ebve, organizator\u00ebt fiton 100 mij\u00eb euro p\u00ebr \u00e7do sfid\u00eb q\u00eb arrinin t\u00eb manipulonin. P\u00ebrve\u00e7 Raul Bravo, n\u00eb pranga jan\u00eb v\u00ebn\u00eb lojtar\u00eb t\u00eb tjer\u00eb, p\u00ebrfshir\u00eb edhe Samu Saiz q\u00eb luan me Getafe. Po ashtu, \u00ebsht\u00eb ndaluar edhe presidenti i Huesca, skuadra q\u00eb k\u00ebt\u00eb sezon luajti n\u00eb La Liga, nd\u00ebrsa hetuesit kan\u00eb kryer kontrolle edhe n\u00eb selin\u00eb e klubit. Sipas mediave iberike, skandali mund t\u00eb thellohet m\u00eb tej pasi p\u00ebrve\u00e7 t\u00eb arrestuarve, n\u00ebn hetim jan\u00eb edhe 11 persona t\u00eb tjer\u00eb.<\/p>","protected":false},"excerpt":{"rendered":"<p>Nj\u00eb skandal i ri trondit futbollin spanjoll. Policia n\u00eb vend ka arrestuar futbollist\u00eb n\u00eb aktivitet, t\u00eb tjer\u00eb q\u00eb jan\u00eb larguar nga fusha, nj\u00eb president dhe nj\u00eb an\u00ebtar t\u00eb stafit mjek\u00ebsor t\u00eb nj\u00eb prej skuadrave n\u00eb La Liga. Mes t\u00eb ndaluar\u00ebve \u00ebsht\u00eb edhe ish-lojtari i Realit t\u00eb Madridit, Raul Bravo. Ky I fundit bashk\u00eb me t\u00eb [&hellip;]<\/p>\n","protected":false},"author":2013,"featured_media":86411,"comment_status":"open","ping_status":"closed","sticky":false,"template":"","format":"standard","meta":{"footnotes":""},"categories":[241,192],"tags":[],"class_list":{"0":"post-86410","1":"post","2":"type-post","3":"status-publish","4":"format-standard","5":"has-post-thumbnail","7":"category-aktualitet","8":"category-sport"},"_links":{"self":[{"href":"https:\/\/zjarr.tv\/en\/wp-json\/wp\/v2\/posts\/86410","targetHints":{"allow":["GET"]}}],"collection":[{"href":"https:\/\/zjarr.tv\/en\/wp-json\/wp\/v2\/posts"}],"about":[{"href":"https:\/\/zjarr.tv\/en\/wp-json\/wp\/v2\/types\/post"}],"author":[{"embeddable":true,"href":"https:\/\/zjarr.tv\/en\/wp-json\/wp\/v2\/users\/2013"}],"replies":[{"embeddable":true,"href":"https:\/\/zjarr.tv\/en\/wp-json\/wp\/v2\/comments?post=86410"}],"version-history":[{"count":0,"href":"https:\/\/zjarr.tv\/en\/wp-json\/wp\/v2\/posts\/86410\/revisions"}],"wp:featuredmedia":[{"embeddable":true,"href":"https:\/\/zjarr.tv\/en\/wp-json\/wp\/v2\/media\/86411"}],"wp:attachment":[{"href":"https:\/\/zjarr.tv\/en\/wp-json\/wp\/v2\/media?parent=86410"}],"wp:term":[{"taxonomy":"category","embeddable":true,"href":"https:\/\/zjarr.tv\/en\/wp-json\/wp\/v2\/categories?post=86410"},{"taxonomy":"post_tag","embeddable":true,"href":"https:\/\/zjarr.tv\/en\/wp-json\/wp\/v2\/tags?post=86410"}],"curies":[{"name":"wp","href":"https:\/\/api.w.org\/{rel}","templated":true}]}}