{"id":86413,"date":"2019-05-28T18:03:54","date_gmt":"2019-05-28T16:03:54","guid":{"rendered":"https:\/\/zjarr.tv\/?p=86413"},"modified":"2019-05-28T18:03:54","modified_gmt":"2019-05-28T16:03:54","slug":"cdu-csu-e-ardhmja-europiane-kerkon-dialog-politik","status":"publish","type":"post","link":"https:\/\/zjarr.tv\/en\/cdu-csu-e-ardhmja-europiane-kerkon-dialog-politik\/","title":{"rendered":"CDU-CSU: E ardhmja europiane k\u00ebrkon dialog politik"},"content":{"rendered":"<p>P\u00ebrfaq\u00ebsuesit e CDU-CSU lidhur me situat\u00ebn politike n\u00eb Shqip\u00ebri jan\u00eb shprehur \u00a0t\u00eb shqet\u00ebsuar, nd\u00ebrsa nuk kan\u00eb p\u00ebrjashtuar si mund\u00ebsi edhe shtyrjen e dat\u00ebs s\u00eb zgjedhjeve.<\/p>\n<p><em>\u201cP\u00ebr hir t\u00eb s\u00eb ardhmes europiane t\u00eb Shqip\u00ebris\u00eb duhet dialog mes opozit\u00ebs dhe qeveris\u00eb\u201d.\u00a0<\/em><\/p>","protected":false},"excerpt":{"rendered":"<p>P\u00ebrfaq\u00ebsuesit e CDU-CSU lidhur me situat\u00ebn politike n\u00eb Shqip\u00ebri jan\u00eb shprehur \u00a0t\u00eb shqet\u00ebsuar, nd\u00ebrsa nuk kan\u00eb p\u00ebrjashtuar si mund\u00ebsi edhe shtyrjen e dat\u00ebs s\u00eb zgjedhjeve. \u201cP\u00ebr hir t\u00eb s\u00eb ardhmes europiane t\u00eb Shqip\u00ebris\u00eb duhet dialog mes opozit\u00ebs dhe qeveris\u00eb\u201d.\u00a0<\/p>","protected":false},"author":2013,"featured_media":86414,"comment_status":"open","ping_status":"closed","sticky":false,"template":"","format":"standard","meta":{"footnotes":""},"categories":[241,235],"tags":[],"class_list":{"0":"post-86413","1":"post","2":"type-post","3":"status-publish","4":"format-standard","5":"has-post-thumbnail","7":"category-aktualitet","8":"category-vendi"},"_links":{"self":[{"href":"https:\/\/zjarr.tv\/en\/wp-json\/wp\/v2\/posts\/86413","targetHints":{"allow":["GET"]}}],"collection":[{"href":"https:\/\/zjarr.tv\/en\/wp-json\/wp\/v2\/posts"}],"about":[{"href":"https:\/\/zjarr.tv\/en\/wp-json\/wp\/v2\/types\/post"}],"author":[{"embeddable":true,"href":"https:\/\/zjarr.tv\/en\/wp-json\/wp\/v2\/users\/2013"}],"replies":[{"embeddable":true,"href":"https:\/\/zjarr.tv\/en\/wp-json\/wp\/v2\/comments?post=86413"}],"version-history":[{"count":0,"href":"https:\/\/zjarr.tv\/en\/wp-json\/wp\/v2\/posts\/86413\/revisions"}],"wp:featuredmedia":[{"embeddable":true,"href":"https:\/\/zjarr.tv\/en\/wp-json\/wp\/v2\/media\/86414"}],"wp:attachment":[{"href":"https:\/\/zjarr.tv\/en\/wp-json\/wp\/v2\/media?parent=86413"}],"wp:term":[{"taxonomy":"category","embeddable":true,"href":"https:\/\/zjarr.tv\/en\/wp-json\/wp\/v2\/categories?post=86413"},{"taxonomy":"post_tag","embeddable":true,"href":"https:\/\/zjarr.tv\/en\/wp-json\/wp\/v2\/tags?post=86413"}],"curies":[{"name":"wp","href":"https:\/\/api.w.org\/{rel}","templated":true}]}}