{"id":86418,"date":"2019-05-28T18:31:41","date_gmt":"2019-05-28T16:31:41","guid":{"rendered":"https:\/\/zjarr.tv\/?p=86418"},"modified":"2019-05-28T18:31:41","modified_gmt":"2019-05-28T16:31:41","slug":"kurani-800-vjecar-terheq-vizitoret-ne-veri-te-turqise","status":"publish","type":"post","link":"https:\/\/zjarr.tv\/en\/kurani-800-vjecar-terheq-vizitoret-ne-veri-te-turqise\/","title":{"rendered":"Kur\u2019ani 800-vje\u00e7ar t\u00ebrheq vizitor\u00ebt n\u00eb veri t\u00eb Turqis\u00eb"},"content":{"rendered":"<p>Nj\u00eb dor\u00ebshkrim i lasht\u00eb i Kur\u2019anit i paraqitur n\u00eb veri t\u00eb Turqis\u00eb po t\u00ebrheq m\u00eb shum\u00eb v\u00ebmendje dhe vizitor\u00eb gjat\u00eb muajit t\u00eb shenjt\u00eb t\u00eb Ramazanit, raporton Anadolu Agency (AA).<\/p>\n<p>Kur\u2019ani, i shkruar n\u00eb vitin 1191 p\u00ebr shkollat teologjike n\u00eb rajonin e Anadollit t\u00eb Turqis\u00eb, \u00ebsht\u00eb i paraqitur n\u00eb Muzeun Tokat n\u00eb provinc\u00ebn veriore me t\u00eb nj\u00ebjtin em\u00ebr. Mendohet t\u00eb jet\u00eb i vetmi dor\u00ebshkrimi i Kur\u2019anit i mbijetuar nga ajo koh\u00eb.<\/p>\n<p>\u201cSi nj\u00eb objekt i shkruar me dor\u00eb, \u00ebsht\u00eb nj\u00eb model historik shum\u00eb i r\u00ebnd\u00ebsish\u00ebm i Anadollit. Asnj\u00eb muze tjet\u00ebr n\u00eb Turqi nuk ka nj\u00eb artefakt t\u00eb k\u00ebtill\u00eb\u201d, tha p\u00ebr AA, Hayati G\u00f6n\u00fclta\u015f, zv\/drejtor i muzeut.<\/p>\n<p>Duke e quajtur Kur\u2019anin 800-vje\u00e7ar \u201cthesar t\u00eb \u00e7muar t\u00eb kuror\u00ebs s\u00eb muzeut\u201d, G\u00f6n\u00fclta\u015f i ftoi t\u00eb gjith\u00eb n\u00eb k\u00ebt\u00eb muze p\u00ebr ta par\u00eb k\u00ebt\u00eb artefakt<\/p>\n<p>&nbsp;<\/p>","protected":false},"excerpt":{"rendered":"<p>Nj\u00eb dor\u00ebshkrim i lasht\u00eb i Kur\u2019anit i paraqitur n\u00eb veri t\u00eb Turqis\u00eb po t\u00ebrheq m\u00eb shum\u00eb v\u00ebmendje dhe vizitor\u00eb gjat\u00eb muajit t\u00eb shenjt\u00eb t\u00eb Ramazanit, raporton Anadolu Agency (AA). Kur\u2019ani, i shkruar n\u00eb vitin 1191 p\u00ebr shkollat teologjike n\u00eb rajonin e Anadollit t\u00eb Turqis\u00eb, \u00ebsht\u00eb i paraqitur n\u00eb Muzeun Tokat n\u00eb provinc\u00ebn veriore me t\u00eb [&hellip;]<\/p>\n","protected":false},"author":2013,"featured_media":86419,"comment_status":"open","ping_status":"closed","sticky":false,"template":"","format":"standard","meta":{"footnotes":""},"categories":[241,191],"tags":[],"class_list":{"0":"post-86418","1":"post","2":"type-post","3":"status-publish","4":"format-standard","5":"has-post-thumbnail","7":"category-aktualitet","8":"category-bota"},"_links":{"self":[{"href":"https:\/\/zjarr.tv\/en\/wp-json\/wp\/v2\/posts\/86418","targetHints":{"allow":["GET"]}}],"collection":[{"href":"https:\/\/zjarr.tv\/en\/wp-json\/wp\/v2\/posts"}],"about":[{"href":"https:\/\/zjarr.tv\/en\/wp-json\/wp\/v2\/types\/post"}],"author":[{"embeddable":true,"href":"https:\/\/zjarr.tv\/en\/wp-json\/wp\/v2\/users\/2013"}],"replies":[{"embeddable":true,"href":"https:\/\/zjarr.tv\/en\/wp-json\/wp\/v2\/comments?post=86418"}],"version-history":[{"count":0,"href":"https:\/\/zjarr.tv\/en\/wp-json\/wp\/v2\/posts\/86418\/revisions"}],"wp:featuredmedia":[{"embeddable":true,"href":"https:\/\/zjarr.tv\/en\/wp-json\/wp\/v2\/media\/86419"}],"wp:attachment":[{"href":"https:\/\/zjarr.tv\/en\/wp-json\/wp\/v2\/media?parent=86418"}],"wp:term":[{"taxonomy":"category","embeddable":true,"href":"https:\/\/zjarr.tv\/en\/wp-json\/wp\/v2\/categories?post=86418"},{"taxonomy":"post_tag","embeddable":true,"href":"https:\/\/zjarr.tv\/en\/wp-json\/wp\/v2\/tags?post=86418"}],"curies":[{"name":"wp","href":"https:\/\/api.w.org\/{rel}","templated":true}]}}