{"id":86421,"date":"2019-05-28T18:33:25","date_gmt":"2019-05-28T16:33:25","guid":{"rendered":"https:\/\/zjarr.tv\/?p=86421"},"modified":"2019-05-28T18:33:25","modified_gmt":"2019-05-28T16:33:25","slug":"progres-raporti-3-shtete-te-be-se-kunder-shqiperise-se-edi-rames","status":"publish","type":"post","link":"https:\/\/zjarr.tv\/en\/progres-raporti-3-shtete-te-be-se-kunder-shqiperise-se-edi-rames\/","title":{"rendered":"Progres-raporti\/ 3 shtete t\u00eb BE-s\u00eb kund\u00ebr Shqip\u00ebris\u00eb s\u00eb Edi Ram\u00ebs"},"content":{"rendered":"<p>Komisioni Evropian, dit\u00ebn e nes\u00ebrme, i paraqet Parlamentit Evropian raportet e progresit p\u00ebr shtetet n\u00eb procesin e zgjerimit, ku p\u00ebrfshihen shtetet e Ballkanit Per\u00ebndimor dhe Turqia.<\/p>\n<p>N\u00eb raporte nuk pritet t\u00eb ket\u00eb befasi dhe duket se Komisioni Evropian do t\u00eb rekomandoj\u00eb edhe k\u00ebsaj radhe \u00e7eljen e negociatave p\u00ebr an\u00ebtar\u00ebsim p\u00ebr Maqedonin\u00eb e Veriut dhe Shqip\u00ebrin\u00eb, shkruan Deutche Welle.<\/p>\n<p>N\u00eb Bruksel kjo ngjarje q\u00eb vitet e m\u00ebparshme \u00ebsht\u00eb shoq\u00ebruar me shum\u00eb aktivitete k\u00ebt\u00eb her\u00eb ndodhet n\u00ebn hijen e Samitit t\u00eb Jasht\u00ebzakonsh\u00ebm t\u00eb vendeve an\u00ebtare, t\u00eb cilat duhet t\u00eb vendosin p\u00ebr m\u00ebnyr\u00ebn e zgjedhjes s\u00eb presidentit t\u00eb ri t\u00eb Komisionit t\u00eb BE-s\u00eb.<\/p>\n<p>K\u00ebto raporte rekomandojn\u00eb shum\u00eb veprime, t\u00eb cilat zbatohen n\u00eb baz\u00eb t\u00eb vendimeve n\u00eb strukturat e tjera t\u00eb BE-s\u00eb t\u00eb udh\u00ebhequra nga zyrtar\u00eb t\u00eb zgjedhur t\u00eb vendeve an\u00ebtare.<\/p>\n<p>Vendimi p\u00ebr \u00e7eljen e negociatave b\u00ebhet nga K\u00ebshilli Evropian ku marrin pjes\u00eb krer\u00ebt e vendeve an\u00ebtare.<\/p>\n<p>Raporti n\u00eb t\u00ebr\u00ebsi do t\u00eb p\u00ebrmbaj\u00eb vler\u00ebsime p\u00ebr ecurin\u00eb e reformave n\u00eb vendet e Ballkanit duke p\u00ebrfshir\u00eb edhe ato t\u00eb cilat jan\u00eb ky\u00e7e p\u00ebr Shqip\u00ebrin\u00eb si funksionimi i institucioneve, sundimi i ligjit dhe lufta kund\u00ebr korrupsionit.<\/p>\n<p>Sa i p\u00ebrket Shqip\u00ebris\u00eb dhe Kosov\u00ebs si pika ky\u00e7e do t\u00eb mbeten lufta kund\u00ebr korrupsionit dhe funksionimi i drejt\u00eb i gjykatave.<\/p>\n<p>P\u00ebrmbajtja e raportit do t\u00eb p\u00ebrdoret nga vendet an\u00ebtare dhe nga vendet q\u00eb pretendojn\u00eb an\u00ebtar\u00ebsimin si mjete lobimi p\u00ebr marrjen e vendimeve.<\/p>\n<p>Sa i p\u00ebrket \u00e7eljes s\u00eb negociatave p\u00ebr Shqip\u00ebrin\u00eb situata nuk ka ndryshuar me Franc\u00ebn si nj\u00eb kund\u00ebrshtare me pesh\u00eb e \u00e7eljes s\u00eb negociatave, e p\u00ebrkrahur nga vende si Holanda dhe Belgjika.<\/p>\n<p>M\u00eb her\u00ebt \u00ebsht\u00eb spekuluar se q\u00ebndrimi negativ i Franc\u00ebs p\u00ebr zgjerimin ka qen\u00eb i lidhur me zgjedhjet p\u00ebr Parlamentin e BE-s\u00eb dhe ndikimin q\u00eb nj\u00eb vendim i till\u00eb mund ta ket\u00eb n\u00eb k\u00ebto zgjedhje.<\/p>\n<p>Rezultatet e zgjedhjeve nuk p\u00ebrmbush\u00ebn frik\u00ebn e forcimit tw s\u00eb djatht\u00ebs n\u00eb nivel evropian, por pozita e Presidentit Macron \u00ebsht\u00eb goditur, pasi partia e tij humbi kundrejt ekstremit t\u00eb djatht\u00eb t\u00eb udh\u00ebhequr nga Marine Le Pen n\u00eb Franc\u00eb. Mbetet t\u00eb shihet se si ky rezultat do t\u00eb ndikoj\u00eb n\u00eb q\u00ebndrimin francez.<\/p>\n<p>&nbsp;<\/p>","protected":false},"excerpt":{"rendered":"<p>Komisioni Evropian, dit\u00ebn e nes\u00ebrme, i paraqet Parlamentit Evropian raportet e progresit p\u00ebr shtetet n\u00eb procesin e zgjerimit, ku p\u00ebrfshihen shtetet e Ballkanit Per\u00ebndimor dhe Turqia. N\u00eb raporte nuk pritet t\u00eb ket\u00eb befasi dhe duket se Komisioni Evropian do t\u00eb rekomandoj\u00eb edhe k\u00ebsaj radhe \u00e7eljen e negociatave p\u00ebr an\u00ebtar\u00ebsim p\u00ebr Maqedonin\u00eb e Veriut dhe Shqip\u00ebrin\u00eb, [&hellip;]<\/p>\n","protected":false},"author":2013,"featured_media":67697,"comment_status":"open","ping_status":"closed","sticky":false,"template":"","format":"standard","meta":{"footnotes":""},"categories":[241,235],"tags":[],"class_list":{"0":"post-86421","1":"post","2":"type-post","3":"status-publish","4":"format-standard","5":"has-post-thumbnail","7":"category-aktualitet","8":"category-vendi"},"_links":{"self":[{"href":"https:\/\/zjarr.tv\/en\/wp-json\/wp\/v2\/posts\/86421","targetHints":{"allow":["GET"]}}],"collection":[{"href":"https:\/\/zjarr.tv\/en\/wp-json\/wp\/v2\/posts"}],"about":[{"href":"https:\/\/zjarr.tv\/en\/wp-json\/wp\/v2\/types\/post"}],"author":[{"embeddable":true,"href":"https:\/\/zjarr.tv\/en\/wp-json\/wp\/v2\/users\/2013"}],"replies":[{"embeddable":true,"href":"https:\/\/zjarr.tv\/en\/wp-json\/wp\/v2\/comments?post=86421"}],"version-history":[{"count":0,"href":"https:\/\/zjarr.tv\/en\/wp-json\/wp\/v2\/posts\/86421\/revisions"}],"wp:featuredmedia":[{"embeddable":true,"href":"https:\/\/zjarr.tv\/en\/wp-json\/wp\/v2\/media\/67697"}],"wp:attachment":[{"href":"https:\/\/zjarr.tv\/en\/wp-json\/wp\/v2\/media?parent=86421"}],"wp:term":[{"taxonomy":"category","embeddable":true,"href":"https:\/\/zjarr.tv\/en\/wp-json\/wp\/v2\/categories?post=86421"},{"taxonomy":"post_tag","embeddable":true,"href":"https:\/\/zjarr.tv\/en\/wp-json\/wp\/v2\/tags?post=86421"}],"curies":[{"name":"wp","href":"https:\/\/api.w.org\/{rel}","templated":true}]}}