{"id":86428,"date":"2019-05-29T13:29:58","date_gmt":"2019-05-29T11:29:58","guid":{"rendered":"https:\/\/zjarr.tv\/?p=86428"},"modified":"2019-05-29T13:29:58","modified_gmt":"2019-05-29T11:29:58","slug":"u-denua-me-10-vite-burg-klement-balili-kerkon-lirine-ne-apel","status":"publish","type":"post","link":"https:\/\/zjarr.tv\/en\/u-denua-me-10-vite-burg-klement-balili-kerkon-lirine-ne-apel\/","title":{"rendered":"U d\u00ebnua me 10 vite burg, Klement Balili k\u00ebrkon lirin\u00eb n\u00eb Apel"},"content":{"rendered":"<p>Klement Balili i etiketuar nga mediat e huaja si \u201cEskobar i Ballkanit\u201d u d\u00ebnua n\u00eb fillim t\u00eb k\u00ebtij muaji me 10 vite burg, nd\u00ebrsa tani k\u00ebrkon lirin\u00eb n\u00eb Gjykat\u00ebn e Apelit. Sipas avokat\u00ebve, ai nuk ka lidhje me trafikun e drog\u00ebs dhe se prokuroria nuk ka prova p\u00ebr t\u00eb vertetuar akuzat.<\/p>\n<p>Pritet hedhja e shortit p\u00ebr t\u00eb p\u00ebrcaktuar trupin gjykues n\u00eb Apel dhe seanc\u00ebn e par\u00eb. Kujtojm\u00eb se n\u00eb Shkall\u00eb t\u00eb Par\u00eb, mbrojtja e Balilit pretendoi se numri q\u00eb prokuroria thot\u00eb se \u00ebsht\u00eb i tij, n\u00eb t\u00eb v\u00ebrtet\u00eb nuk v\u00ebrtetohet q\u00eb i p\u00ebrket Balilit.<br \/>\nP\u00ebr rrjedhoj\u00eb, tha mbrojtja edhe personi q\u00eb del n\u00eb p\u00ebrgjime nuk \u00ebsht\u00eb Klement Balili. Nd\u00ebrkoh\u00eb p\u00ebr numrin e pasaport\u00ebs, avokati tha se dikush e ka d\u00ebrguar q\u00ebllimisht p\u00ebr t\u00eb implikuar klientin e tij.<\/p>\n<p>Por pavar\u00ebsisht pretendimeve, treshja gjykuese n\u00eb Shkall\u00eb t\u00eb Par\u00eb e gjeti fajtor Balilin p\u00ebr akuzat e ngritura nga Prokuroria dhe e d\u00ebnoi at\u00eb me 10 vite burg. Balili u d\u00ebnua p\u00ebr trafikimin e rreth 678 kilogram\u00eb kanabis, pastrim parash, mosdeklarim t\u00eb pasuris\u00eb dhe fshehje t\u00eb pasuris\u00eb.<\/p>\n<p>&nbsp;<\/p>","protected":false},"excerpt":{"rendered":"<p>Klement Balili i etiketuar nga mediat e huaja si \u201cEskobar i Ballkanit\u201d u d\u00ebnua n\u00eb fillim t\u00eb k\u00ebtij muaji me 10 vite burg, nd\u00ebrsa tani k\u00ebrkon lirin\u00eb n\u00eb Gjykat\u00ebn e Apelit. Sipas avokat\u00ebve, ai nuk ka lidhje me trafikun e drog\u00ebs dhe se prokuroria nuk ka prova p\u00ebr t\u00eb vertetuar akuzat. Pritet hedhja e shortit [&hellip;]<\/p>\n","protected":false},"author":2013,"featured_media":65918,"comment_status":"open","ping_status":"closed","sticky":false,"template":"","format":"standard","meta":{"footnotes":""},"categories":[241,235],"tags":[],"class_list":{"0":"post-86428","1":"post","2":"type-post","3":"status-publish","4":"format-standard","5":"has-post-thumbnail","7":"category-aktualitet","8":"category-vendi"},"_links":{"self":[{"href":"https:\/\/zjarr.tv\/en\/wp-json\/wp\/v2\/posts\/86428","targetHints":{"allow":["GET"]}}],"collection":[{"href":"https:\/\/zjarr.tv\/en\/wp-json\/wp\/v2\/posts"}],"about":[{"href":"https:\/\/zjarr.tv\/en\/wp-json\/wp\/v2\/types\/post"}],"author":[{"embeddable":true,"href":"https:\/\/zjarr.tv\/en\/wp-json\/wp\/v2\/users\/2013"}],"replies":[{"embeddable":true,"href":"https:\/\/zjarr.tv\/en\/wp-json\/wp\/v2\/comments?post=86428"}],"version-history":[{"count":0,"href":"https:\/\/zjarr.tv\/en\/wp-json\/wp\/v2\/posts\/86428\/revisions"}],"wp:featuredmedia":[{"embeddable":true,"href":"https:\/\/zjarr.tv\/en\/wp-json\/wp\/v2\/media\/65918"}],"wp:attachment":[{"href":"https:\/\/zjarr.tv\/en\/wp-json\/wp\/v2\/media?parent=86428"}],"wp:term":[{"taxonomy":"category","embeddable":true,"href":"https:\/\/zjarr.tv\/en\/wp-json\/wp\/v2\/categories?post=86428"},{"taxonomy":"post_tag","embeddable":true,"href":"https:\/\/zjarr.tv\/en\/wp-json\/wp\/v2\/tags?post=86428"}],"curies":[{"name":"wp","href":"https:\/\/api.w.org\/{rel}","templated":true}]}}