{"id":86438,"date":"2019-05-29T12:12:08","date_gmt":"2019-05-29T10:12:08","guid":{"rendered":"https:\/\/zjarr.tv\/?p=86438"},"modified":"2019-05-29T12:12:08","modified_gmt":"2019-05-29T10:12:08","slug":"vasili-skandal-qeveria-humbi-140-mln-euro-nga-gjyqi-i-becchettit","status":"publish","type":"post","link":"https:\/\/zjarr.tv\/en\/vasili-skandal-qeveria-humbi-140-mln-euro-nga-gjyqi-i-becchettit\/","title":{"rendered":"Vasili: Skandal, qeveria humbi 140 mln euro nga gjyqi i Becchettit"},"content":{"rendered":"<p style=\"line-height: 24.0pt;margin: 0in 0in 22.5pt 0in\"><span style=\"color: #18191a\">Ish-deputeti i LSI Petrit Vasili n\u00eb nj\u00eb deklarat\u00eb p\u00ebr mediat u shpreh se kjo qeveri vjedh e grabit shqiptar\u00ebt p\u00ebrdit\u00eb. Vasili p\u00ebrmendi faktin se qeveria ka humbur gjyqin me Becchetin, duke u detyruar q\u00eb t\u2019i kthej\u00eb atij 140 milion\u00eb euro, Ai shtoi se nd\u00ebrsa hajdut\u00ebt n\u00eb Rinas vjedhin me maska, kjo qeveri grabit me hajdut\u00eb n\u00eb pushtet.<\/span><\/p>\n<p style=\"line-height: 24.0pt;text-align: start;margin: 0in 0in 22.5pt 0in\"><span style=\"color: #18191a\">\u201cQeveria ka humbur 140 milion\u00eb euro n\u00eb gjyq me Beccettin. K\u00ebto jan\u00eb para t\u00eb taksapaguesve shqiptar\u00eb q\u00eb shp\u00ebrdorohen n\u00eb m\u00ebnyr\u00eb skandaloze. \u00a0Kjo qeveri nuk ka b\u00ebr\u00eb publike gjyqin me Becchettin. Ky \u00ebsht\u00eb nj\u00eb skandal i madh financuar , q\u00eb po rr\u00ebnon ekonomin\u00eb shqiptare. Ne do t\u00eb informojm\u00eb partner\u00ebt ekonomik\u00eb t\u00eb Shqip\u00ebris\u00eb p\u00ebr k\u00ebt\u00eb grabitje t\u00eb madhe shtet\u00ebrore.<\/span><\/p>\n<p style=\"line-height: 24.0pt;text-align: start;margin: 0in 0in 22.5pt 0in\"><span style=\"color: #18191a\">\u00a0Kjo qeveri e ka \u2018tradit\u00eb\u2019 vjedhjen e grabitjen n\u00eb kurriz t\u00eb qytetar\u00ebve shqiptar\u00eb. Qeveria e nisi grabitjen me skandalin te Unaza dhe e p\u00ebrfundoi me kompensimin financiar q\u00eb i detyrohet Becchetit. Kjo qeverisje me Edi Ram\u00ebn n\u00eb krye vet\u00ebm prodhon skandale p\u00ebrdit\u00eb. T\u00eb nderuar qytetar\u00eb jemi p\u00ebrpara situat\u00ebn kur grabit\u00ebsit e Rinasit jan\u00eb me maska, nd\u00ebrsa hajdut\u00ebt n\u00eb qeveri jan\u00eb pa maska, por vjedhin hapur n\u00eb syt\u00eb e bot\u00ebs. K\u00ebt\u00eb lloj turpi ne nuk duhet ta pranojm\u00eb\u201d, tha Vasili.<\/span><\/p>","protected":false},"excerpt":{"rendered":"<p>Ish-deputeti i LSI Petrit Vasili n\u00eb nj\u00eb deklarat\u00eb p\u00ebr mediat u shpreh se kjo qeveri vjedh e grabit shqiptar\u00ebt p\u00ebrdit\u00eb. Vasili p\u00ebrmendi faktin se qeveria ka humbur gjyqin me Becchetin, duke u detyruar q\u00eb t\u2019i kthej\u00eb atij 140 milion\u00eb euro, Ai shtoi se nd\u00ebrsa hajdut\u00ebt n\u00eb Rinas vjedhin me maska, kjo qeveri grabit me hajdut\u00eb [&hellip;]<\/p>\n","protected":false},"author":4,"featured_media":70162,"comment_status":"open","ping_status":"closed","sticky":false,"template":"","format":"standard","meta":{"footnotes":""},"categories":[241,231,235],"tags":[],"class_list":{"0":"post-86438","1":"post","2":"type-post","3":"status-publish","4":"format-standard","5":"has-post-thumbnail","7":"category-aktualitet","8":"category-lajme","9":"category-vendi"},"_links":{"self":[{"href":"https:\/\/zjarr.tv\/en\/wp-json\/wp\/v2\/posts\/86438","targetHints":{"allow":["GET"]}}],"collection":[{"href":"https:\/\/zjarr.tv\/en\/wp-json\/wp\/v2\/posts"}],"about":[{"href":"https:\/\/zjarr.tv\/en\/wp-json\/wp\/v2\/types\/post"}],"author":[{"embeddable":true,"href":"https:\/\/zjarr.tv\/en\/wp-json\/wp\/v2\/users\/4"}],"replies":[{"embeddable":true,"href":"https:\/\/zjarr.tv\/en\/wp-json\/wp\/v2\/comments?post=86438"}],"version-history":[{"count":0,"href":"https:\/\/zjarr.tv\/en\/wp-json\/wp\/v2\/posts\/86438\/revisions"}],"wp:featuredmedia":[{"embeddable":true,"href":"https:\/\/zjarr.tv\/en\/wp-json\/wp\/v2\/media\/70162"}],"wp:attachment":[{"href":"https:\/\/zjarr.tv\/en\/wp-json\/wp\/v2\/media?parent=86438"}],"wp:term":[{"taxonomy":"category","embeddable":true,"href":"https:\/\/zjarr.tv\/en\/wp-json\/wp\/v2\/categories?post=86438"},{"taxonomy":"post_tag","embeddable":true,"href":"https:\/\/zjarr.tv\/en\/wp-json\/wp\/v2\/tags?post=86438"}],"curies":[{"name":"wp","href":"https:\/\/api.w.org\/{rel}","templated":true}]}}