{"id":86453,"date":"2019-05-29T13:15:20","date_gmt":"2019-05-29T11:15:20","guid":{"rendered":"https:\/\/zjarr.tv\/?p=86453"},"modified":"2019-05-29T13:15:20","modified_gmt":"2019-05-29T11:15:20","slug":"zevendesuesja-e-fleckenstein-ne-pe-shqiperia-ka-plotesuar-kriteret","status":"publish","type":"post","link":"https:\/\/zjarr.tv\/en\/zevendesuesja-e-fleckenstein-ne-pe-shqiperia-ka-plotesuar-kriteret\/","title":{"rendered":"Z\u00ebvend\u00ebsuesja e Fleckenstein n\u00eb PE: Shqip\u00ebria ka plot\u00ebsuar kriteret"},"content":{"rendered":"<p style=\"line-height: 24.0pt;margin: 0in 0in 22.5pt 0in\"><span style=\"font-size: 15.0pt;color: #18191a\">N\u00eb diskutimet p\u00ebr progresin raportin e zgjerimit t\u00eb BE, Kati Piri, eurodeputetja e cila z\u00ebvend\u00ebson n\u00eb PE, raportuesin p\u00ebr Shqip\u00ebrin\u00eb, Knut Fleckenstein, u shpreh se unioni duhet t\u00eb duhet t\u00eb vijoj\u00eb p\u00ebrpara me premtimet q\u00eb ka b\u00ebr\u00eb. Ajo theksoi se Shqip\u00ebria ka plot\u00ebsuar kriteret dhe se nuk ka asnj\u00eb arsye p\u00ebr t\u00eb shtyr\u00eb vendimin.<\/span><\/p>\n<p style=\"line-height: 24.0pt;margin: 0in 0in 22.5pt 0in\"><span style=\"font-size: 15.0pt;color: #18191a\">\u201cUnioni duhet t\u00eb vijoj\u00eb p\u00ebrpara me premtimet q\u00eb ka b\u00ebr\u00eb. \u00c7do shtet duhet t\u00eb vler\u00ebsohet sipas meritave dhe progresit q\u00eb ka b\u00ebr\u00eb. Kemi par\u00eb progres t\u00eb r\u00ebnd\u00ebsish\u00ebm, sidomos marr\u00ebveshja q\u00eb zgjidhi ng\u00ebr\u00e7in p\u00ebr emrin mes Greqis\u00eb dhe Maqedonis\u00eb s\u00eb Veriut. Vendet e BE duhet t\u00eb marrin vendim, shpresoj q\u00eb grupi im parlamentar t\u00eb mb\u00ebshtes\u00eb hapjen e negociatave me k\u00ebto dy vende, Shqip\u00ebri dhe Maqedonin\u00eb e Veriut. Nuk shohim asnj\u00eb arsye p\u00ebr t\u00eb vonuar k\u00ebt\u00eb vendim duke qen\u00eb se kriteret nga dy vendet jan\u00eb plot\u00ebsuar dhe p\u00ebr k\u00ebt\u00eb arsye duhet t\u00eb hapen negociatat me Shqip\u00ebrin\u00eb dhe Maqedonin\u00eb e Veriut\u201d<em>,-\u00a0<\/em>u shpreh eurodeputetja.<\/span><\/p>\n<p style=\"line-height: 24.0pt;margin: 0in 0in 22.5pt 0in\"><span style=\"font-size: 15.0pt;color: #18191a\">\u00a0 Komisioni europian rekomandoi s\u00ebrish sot hapjen e bisedimeve p\u00ebr an\u00ebtar\u00ebsim me Shqip\u00ebrin\u00eb dhe Maqedonin\u00eb e Veriut. Raporti u lexua nga Komisioneri p\u00ebr Zgjerimin Johannes Hahn n\u00eb Komisionin e Jasht\u00ebm t\u00eb Parlamentit europian.<\/span><\/p>\n<p style=\"line-height: 24.0pt;text-align: start;margin: 0in 0in 22.5pt 0in\"><span style=\"font-size: 15.0pt;color: #18191a\">\u201cKomisioni europian i rekomandon K\u00ebshillit hapjen e bisedimeve tani, si me Shqip\u00ebrin\u00eb dhe me Maqedonin\u00eb e Veriut.\u201d u shpreh Hahn.<\/span><\/p>","protected":false},"excerpt":{"rendered":"<p>N\u00eb diskutimet p\u00ebr progresin raportin e zgjerimit t\u00eb BE, Kati Piri, eurodeputetja e cila z\u00ebvend\u00ebson n\u00eb PE, raportuesin p\u00ebr Shqip\u00ebrin\u00eb, Knut Fleckenstein, u shpreh se unioni duhet t\u00eb duhet t\u00eb vijoj\u00eb p\u00ebrpara me premtimet q\u00eb ka b\u00ebr\u00eb. Ajo theksoi se Shqip\u00ebria ka plot\u00ebsuar kriteret dhe se nuk ka asnj\u00eb arsye p\u00ebr t\u00eb shtyr\u00eb vendimin. \u201cUnioni [&hellip;]<\/p>\n","protected":false},"author":4,"featured_media":86454,"comment_status":"open","ping_status":"closed","sticky":false,"template":"","format":"standard","meta":{"footnotes":""},"categories":[241,231,235],"tags":[],"class_list":{"0":"post-86453","1":"post","2":"type-post","3":"status-publish","4":"format-standard","5":"has-post-thumbnail","7":"category-aktualitet","8":"category-lajme","9":"category-vendi"},"_links":{"self":[{"href":"https:\/\/zjarr.tv\/en\/wp-json\/wp\/v2\/posts\/86453","targetHints":{"allow":["GET"]}}],"collection":[{"href":"https:\/\/zjarr.tv\/en\/wp-json\/wp\/v2\/posts"}],"about":[{"href":"https:\/\/zjarr.tv\/en\/wp-json\/wp\/v2\/types\/post"}],"author":[{"embeddable":true,"href":"https:\/\/zjarr.tv\/en\/wp-json\/wp\/v2\/users\/4"}],"replies":[{"embeddable":true,"href":"https:\/\/zjarr.tv\/en\/wp-json\/wp\/v2\/comments?post=86453"}],"version-history":[{"count":0,"href":"https:\/\/zjarr.tv\/en\/wp-json\/wp\/v2\/posts\/86453\/revisions"}],"wp:featuredmedia":[{"embeddable":true,"href":"https:\/\/zjarr.tv\/en\/wp-json\/wp\/v2\/media\/86454"}],"wp:attachment":[{"href":"https:\/\/zjarr.tv\/en\/wp-json\/wp\/v2\/media?parent=86453"}],"wp:term":[{"taxonomy":"category","embeddable":true,"href":"https:\/\/zjarr.tv\/en\/wp-json\/wp\/v2\/categories?post=86453"},{"taxonomy":"post_tag","embeddable":true,"href":"https:\/\/zjarr.tv\/en\/wp-json\/wp\/v2\/tags?post=86453"}],"curies":[{"name":"wp","href":"https:\/\/api.w.org\/{rel}","templated":true}]}}