{"id":86457,"date":"2019-05-29T13:32:35","date_gmt":"2019-05-29T11:32:35","guid":{"rendered":"https:\/\/zjarr.tv\/?p=86457"},"modified":"2019-05-29T13:32:35","modified_gmt":"2019-05-29T11:32:35","slug":"braimllari-me-2-qershor-te-gjithe-bashke-kunder-hajduterise-se-qeverise","status":"publish","type":"post","link":"https:\/\/zjarr.tv\/en\/braimllari-me-2-qershor-te-gjithe-bashke-kunder-hajduterise-se-qeverise\/","title":{"rendered":"Braimllari: M\u00eb 2 qershor, t\u00eb gjith\u00eb bashk\u00eb, kund\u00ebr hajdut\u00ebris\u00eb s\u00eb qeveris\u00eb"},"content":{"rendered":"<p>Sekretari i P\u00ebrgjithsh\u00ebm i LSI-s\u00eb, Endrit Braimllari, \u00ebsht\u00eb takuar me strukturat e LSI-s\u00eb n\u00eb Kor\u00e7\u00eb, disa dit\u00eb para protest\u00ebs s\u00eb 2 qershorit. P\u00ebrmes nj\u00eb postimi n\u00eb facebook, ai thot\u00eb se kryeministri Rama provokon qytetar\u00ebt por i ka b\u00ebr\u00eb thirrje shqiptar\u00ebve q\u00eb t\u00eb b\u00ebhen bashk\u00eb me opozit\u00ebn kund\u00ebr hajdut\u00ebris\u00eb s\u00eb k\u00ebsaj qeverie.<\/p>\n<p>\u201dM\u00eb dat\u00eb 2 qershor, t\u00eb b\u00ebhemi t\u00eb gjith\u00eb bashk\u00eb n\u00eb protest\u00ebn e shqiptar\u00ebve, n\u00eb protest\u00ebn e vlerave, n\u00eb protest\u00ebn e shumic\u00ebs kund\u00ebr pap\u00ebrgjegjsh\u00ebm\u00ebris\u00eb, arroganc\u00ebs dhe hajdut\u00ebris\u00eb s\u00eb k\u00ebsaj qeverie\u201d.<\/p>\n<p>Ai akuzon p\u00ebr munges\u00ebn e Gjyakt\u00ebs Kushtetuese. \u201dMungesa e Gjykat\u00ebs Kushtetuese dhe kapja e gjith\u00eb sistemit t\u00eb drejt\u00ebsis\u00eb \u00ebsht\u00eb b\u00ebr\u00eb me q\u00ebllim nga Edi Rama, n\u00eb m\u00ebnyr\u00eb q\u00eb t\u00eb thellohet m\u00eb tej n\u00eb paligjshm\u00ebrin\u00eb e tij duke mos pasur institucione t\u00eb pavarura q\u00eb t\u00eb ndalojn\u00eb k\u00ebt\u00eb hajdut\u00ebri ekstreme n\u00eb kurriz t\u00eb qytetar\u00ebve\u201d,-shkruan Braimllari.<\/p>\n<p>Postimi i plot\u00eb<\/p>\n<p>Edi Rama me papergjegjshmeri dhe arrogance provokon hapur qytetaret duke u tallur me varferine, papunesine, largimi e te rinjve. Hajduteria e kesaj qeveri ka kapur kulmin tek Unaza e Re, tendera sekret pa fund per riparim tualetesh, televizor zyrash duke abuzuar me prokurimet publike, duke grabitur parate e qytetareve dhe nuk ka asnje reagim nga Prokuroria, gje qe tregon qarte qe ky njeri ka kapur \u00e7do instuticion ne kete vend.<\/p>\n<p>Mungesa e Gjykates Kushtetuese dhe kapja e gjithe sistemit te drejtesise eshte bere me qellim nga Edi Rama, ne menyre qe te thellohet me tej ne paligjshmerine e tij duke mos pasur institucione te pavarura qe te ndalojne kete hajduteri ekstreme ne kurriz te qytetareve. Sot eshte koha qe te behemi te gjithe bashke per te tashmen dhe te ardhmen e shqiptareve, per femijet tane, me qellim qe ne Shqiperi te ndertojme institucione te forta demokratike dhe jo te forcojme nje individ te vetem. Sot zemrat shqiptareve jane te bashkuar jo kunder nje individi por kunder nje sistemi qe ka ndertuar ky individ.<\/p>\n<p>Sot beteja eshte per te shembur kete sistem kriminal dhe te hajduterise dhe te ndertojme nje sistem te forte ku zbatohet ligji. Nje sistem ku punohet per te nxjerre vendin nga kjo krize e thelle, per te hapur vende te reja pune, per te kthyer 500 mije qytetare ne vend dhe per ta nxjerre Shqiperine nga varferia. Nje sistem me nje politike kombetare ku ne qender eshte forcimi i shtetit dhe institucioneve dhe jo e nje individi. Me date 2 qershor, te behemi te gjithe bashke ne protesten e shqiptareve, ne protesten e vlerave, ne protesten e shumices kunder papergjegjshemerise, arrogances dhe hajduterise se kesaj qeverie.<\/p>\n<p>&nbsp;<\/p>","protected":false},"excerpt":{"rendered":"<p>Sekretari i P\u00ebrgjithsh\u00ebm i LSI-s\u00eb, Endrit Braimllari, \u00ebsht\u00eb takuar me strukturat e LSI-s\u00eb n\u00eb Kor\u00e7\u00eb, disa dit\u00eb para protest\u00ebs s\u00eb 2 qershorit. P\u00ebrmes nj\u00eb postimi n\u00eb facebook, ai thot\u00eb se kryeministri Rama provokon qytetar\u00ebt por i ka b\u00ebr\u00eb thirrje shqiptar\u00ebve q\u00eb t\u00eb b\u00ebhen bashk\u00eb me opozit\u00ebn kund\u00ebr hajdut\u00ebris\u00eb s\u00eb k\u00ebsaj qeverie. \u201dM\u00eb dat\u00eb 2 qershor, [&hellip;]<\/p>\n","protected":false},"author":2013,"featured_media":86458,"comment_status":"open","ping_status":"closed","sticky":false,"template":"","format":"standard","meta":{"footnotes":""},"categories":[241,235],"tags":[],"class_list":{"0":"post-86457","1":"post","2":"type-post","3":"status-publish","4":"format-standard","5":"has-post-thumbnail","7":"category-aktualitet","8":"category-vendi"},"_links":{"self":[{"href":"https:\/\/zjarr.tv\/en\/wp-json\/wp\/v2\/posts\/86457","targetHints":{"allow":["GET"]}}],"collection":[{"href":"https:\/\/zjarr.tv\/en\/wp-json\/wp\/v2\/posts"}],"about":[{"href":"https:\/\/zjarr.tv\/en\/wp-json\/wp\/v2\/types\/post"}],"author":[{"embeddable":true,"href":"https:\/\/zjarr.tv\/en\/wp-json\/wp\/v2\/users\/2013"}],"replies":[{"embeddable":true,"href":"https:\/\/zjarr.tv\/en\/wp-json\/wp\/v2\/comments?post=86457"}],"version-history":[{"count":0,"href":"https:\/\/zjarr.tv\/en\/wp-json\/wp\/v2\/posts\/86457\/revisions"}],"wp:featuredmedia":[{"embeddable":true,"href":"https:\/\/zjarr.tv\/en\/wp-json\/wp\/v2\/media\/86458"}],"wp:attachment":[{"href":"https:\/\/zjarr.tv\/en\/wp-json\/wp\/v2\/media?parent=86457"}],"wp:term":[{"taxonomy":"category","embeddable":true,"href":"https:\/\/zjarr.tv\/en\/wp-json\/wp\/v2\/categories?post=86457"},{"taxonomy":"post_tag","embeddable":true,"href":"https:\/\/zjarr.tv\/en\/wp-json\/wp\/v2\/tags?post=86457"}],"curies":[{"name":"wp","href":"https:\/\/api.w.org\/{rel}","templated":true}]}}