{"id":86460,"date":"2019-05-29T13:35:00","date_gmt":"2019-05-29T11:35:00","guid":{"rendered":"https:\/\/zjarr.tv\/?p=86460"},"modified":"2019-05-29T13:35:00","modified_gmt":"2019-05-29T11:35:00","slug":"pas-aksionit-te-djeshem-te-policise-se-kosoves-kfor-autoritetet-serbe-kane-qene-te-njoftuara","status":"publish","type":"post","link":"https:\/\/zjarr.tv\/en\/pas-aksionit-te-djeshem-te-policise-se-kosoves-kfor-autoritetet-serbe-kane-qene-te-njoftuara\/","title":{"rendered":"Pas aksionit t\u00eb djesh\u00ebm t\u00eb policis\u00eb s\u00eb Kosov\u00ebs, KFOR: Autoritetet serbe kan\u00eb qen\u00eb t\u00eb njoftuara"},"content":{"rendered":"<p>Autoritetet serbe kane qen\u00eb t\u00eb njoftuara p\u00ebr aksionin n\u00eb veri t\u00eb Policis\u00eb s\u00eb Kosov\u00ebs m\u00eb 28 maj, konfirmoi p\u00ebr Radion Evropa e Lir\u00eb, z\u00ebdh\u00ebn\u00ebsi i KFOR-it, Vincenso Grasso.<\/p>\n<p>I pyetur n\u00ebse autoritetet n\u00eb Serbi e dinin k\u00ebt\u00eb nj\u00eb dit\u00eb para operacionit, Graso u p\u00ebrgjigj: &#8220;Un\u00eb mendoj se ata e dinin&#8221;.<\/p>\n<p>\u201cGjat\u00eb operacionit ne kemi komunikuar me institucionet e Kosov\u00ebs, komunitetin nd\u00ebrkomb\u00ebtar dhe autoritetet serbe. Ne komunikojm\u00eb me ushtrin\u00eb (serbe) dhe jo Qeverin\u00eb\u201d, tha Grasso.<\/p>\n<p>Ai tha se presidenti serb Vu\u00e7i\u00e7, disa her\u00eb e ka paralajm\u00ebruar k\u00ebt\u00eb aksion.<\/p>\n<p>\u201cNe nuk e kemi ditur 10 dit\u00eb m\u00eb par\u00eb mir\u00ebpo Vu\u00e7i\u00e7 ka th\u00ebn\u00eb se NATO i kishte njoftuar autoritetet serbe\u201d, tha Grasso.<\/p>\n<p>\u201cJam i habitur q\u00eb t\u00eb gjith\u00eb jan\u00eb t\u00eb befasuar. Ne vazhduam t\u00eb komunikonim. Gjat\u00eb operacionit ka pasur nj\u00eb shk\u00ebmbim t\u00eb vazhduesh\u00ebm informacioni dhe t\u00eb gjith\u00eb jan\u00eb informuar. Ne u njoftuam nj\u00eb dit\u00eb m\u00eb par\u00eb&#8221;, tha ai.<\/p>\n<p>Policia e Kosov\u00ebs ka zhvilluar t\u00eb mart\u00ebn nj\u00eb operacion n\u00eb veri dhe jug t\u00eb Mitrovic\u00ebs q\u00eb si q\u00ebllim kishte arrestimin e personave t\u00eb dyshuar si t\u00eb p\u00ebrfshir\u00eb n\u00eb krim t\u00eb organizuar dhe kontraband\u00eb, n\u00eb mesin e tyre edhe zyrtar\u00eb policor dhe doganier\u00eb.<\/p>\n<p>Aksioni rezultoi me arrestimin e 19 zyrtar\u00ebve policor\u00eb\u00a0dhe t\u00eb disa qytetar\u00ebve q\u00eb penguan aksionin apo q\u00eb ishin t\u00eb dyshuar p\u00ebr p\u00ebrfshirje n\u00eb k\u00ebto aktivitete jo ligjore.<\/p>\n<p>Si\u00e7 kan\u00eb njoftuar zyrtar\u00ebt e Prokuroris\u00eb Speciale t\u00eb Kosov\u00ebs dhe Policis\u00eb s\u00eb Kosov\u00ebs, aksioni policor, kishte p\u00ebr q\u00ebllim luftimin e krimit dhe kontraband\u00ebs. Gjat\u00eb aksionit policor, nga t\u00eb sht\u00ebnat me arm\u00eb zjarri \u00ebsht\u00eb plagosur nj\u00eb zyrtar policor. Nd\u00ebrkaq, 4 zyrtar\u00eb policor\u00eb t\u00eb tjer\u00eb kan\u00eb marr\u00eb l\u00ebndime t\u00eb lehta gjat\u00eb zbatimit t\u00eb detyrave.<\/p>\n<p>Operacioni policor ka p\u00ebrfshir\u00eb disa rajone t\u00eb ndryshme, p\u00ebrfshir\u00eb komunat Zve\u00e7an, Zubin Potok, Leposavi\u00e7, Mitrovic\u00eb Veri, Mitrovic\u00eb Jugu, Skenderaj dhe Drenas.<\/p>\n<p>\u201cN\u00eb mesin e t\u00eb dyshuarve kemi epror\u00eb dhe zyrtar\u00eb t\u00eb Policis\u00eb s\u00eb Kosov\u00ebs, kemi pjes\u00ebtar\u00eb t\u00eb nacionalitetit serb, pjestar\u00eb t\u00eb nacionalitetit shqiptar, t\u00eb atij boshnjak dhe k\u00ebshtu me radh\u00eb. N\u00eb mesin e t\u00eb dyshuarve kemi edhe qytetar\u00eb \u2013 nuk jan\u00eb zyrtar\u00eb \u2013 t\u00eb cil\u00ebt i kan\u00eb kryer veprimet e tyre, t\u00eb cilat dyshohet se jan\u00eb kontrabandim i mallrave dhe p\u00ebr vepra t\u00eb ngjashme\u201d, ka th\u00ebn\u00eb prokurori, Syl\u00eb Hoxha.<\/p>\n<p>Aksioni i policis\u00eb ka hasur n\u00eb kund\u00ebrshtimin e nj\u00eb pjese t\u00eb popullat\u00ebs n\u00eb veri. Gjat\u00eb aksionit, jan\u00eb plagosur dy dhe l\u00ebnduar edhe tre pjes\u00ebtar\u00eb t\u00eb policis\u00eb s\u00eb Kosov\u00ebs, kan\u00eb b\u00ebr\u00eb t\u00eb ditur organet e rendit.<\/p>\n<p>&nbsp;<\/p>","protected":false},"excerpt":{"rendered":"<p>Autoritetet serbe kane qen\u00eb t\u00eb njoftuara p\u00ebr aksionin n\u00eb veri t\u00eb Policis\u00eb s\u00eb Kosov\u00ebs m\u00eb 28 maj, konfirmoi p\u00ebr Radion Evropa e Lir\u00eb, z\u00ebdh\u00ebn\u00ebsi i KFOR-it, Vincenso Grasso. I pyetur n\u00ebse autoritetet n\u00eb Serbi e dinin k\u00ebt\u00eb nj\u00eb dit\u00eb para operacionit, Graso u p\u00ebrgjigj: &#8220;Un\u00eb mendoj se ata e dinin&#8221;. \u201cGjat\u00eb operacionit ne kemi komunikuar [&hellip;]<\/p>\n","protected":false},"author":2013,"featured_media":86461,"comment_status":"open","ping_status":"closed","sticky":false,"template":"","format":"standard","meta":{"footnotes":""},"categories":[241,2],"tags":[],"class_list":{"0":"post-86460","1":"post","2":"type-post","3":"status-publish","4":"format-standard","5":"has-post-thumbnail","7":"category-aktualitet","8":"category-rajoni"},"_links":{"self":[{"href":"https:\/\/zjarr.tv\/en\/wp-json\/wp\/v2\/posts\/86460","targetHints":{"allow":["GET"]}}],"collection":[{"href":"https:\/\/zjarr.tv\/en\/wp-json\/wp\/v2\/posts"}],"about":[{"href":"https:\/\/zjarr.tv\/en\/wp-json\/wp\/v2\/types\/post"}],"author":[{"embeddable":true,"href":"https:\/\/zjarr.tv\/en\/wp-json\/wp\/v2\/users\/2013"}],"replies":[{"embeddable":true,"href":"https:\/\/zjarr.tv\/en\/wp-json\/wp\/v2\/comments?post=86460"}],"version-history":[{"count":0,"href":"https:\/\/zjarr.tv\/en\/wp-json\/wp\/v2\/posts\/86460\/revisions"}],"wp:featuredmedia":[{"embeddable":true,"href":"https:\/\/zjarr.tv\/en\/wp-json\/wp\/v2\/media\/86461"}],"wp:attachment":[{"href":"https:\/\/zjarr.tv\/en\/wp-json\/wp\/v2\/media?parent=86460"}],"wp:term":[{"taxonomy":"category","embeddable":true,"href":"https:\/\/zjarr.tv\/en\/wp-json\/wp\/v2\/categories?post=86460"},{"taxonomy":"post_tag","embeddable":true,"href":"https:\/\/zjarr.tv\/en\/wp-json\/wp\/v2\/tags?post=86460"}],"curies":[{"name":"wp","href":"https:\/\/api.w.org\/{rel}","templated":true}]}}