{"id":86469,"date":"2019-05-29T13:45:34","date_gmt":"2019-05-29T11:45:34","guid":{"rendered":"https:\/\/zjarr.tv\/?p=86469"},"modified":"2019-05-29T13:45:34","modified_gmt":"2019-05-29T11:45:34","slug":"dialogu-me-serbine-meta-eshte-ekskluzivitet-i-kosoves","status":"publish","type":"post","link":"https:\/\/zjarr.tv\/en\/dialogu-me-serbine-meta-eshte-ekskluzivitet-i-kosoves\/","title":{"rendered":"Dialogu me Serbin\u00eb, Meta: \u00cbsht\u00eb ekskluzivitet i Kosov\u00ebs"},"content":{"rendered":"<p>Presidenti i vendit, Ilir Meta ka reaguar s\u00ebrish p\u00ebr \u00e7\u00ebshtjen e dialogut mes Kosov\u00ebs dhe Serbis\u00eb. Ai vijon t\u00eb ritheksoj\u00eb faktin se ky proces \u00ebsht\u00eb p\u00ebrgjegj\u00ebsi ekskluzive e institucioneve t\u00eb Kosov\u00ebs dhe se Tirana zyrtare nuk mund t\u00eb futet n\u00eb pun\u00ebt e brendshme t\u00eb shteti kosovar, por duhet t\u2019i repektoj\u00eb ato.<\/p>\n<p>\u201cDialogu Kosov\u00eb-Serbi \u00ebsht\u00eb p\u00ebrgjegj\u00ebsi ekskluzive e institucioneve t\u00eb Kosov\u00ebs\u201d- shkruan Meta. Edhe gjat\u00eb mbr\u00ebmjes s\u00eb djeshme, kreu i shtetit tha p\u00ebr mediat kosovare se ky proces i takon vet\u00ebm Kosov\u00ebs.<\/p>\n<p>&nbsp;<\/p>\n<p>Dit\u00eb m\u00eb par\u00eb, Presidenti i Republik\u00ebs, Ilir Meta tha se nj\u00eb nd\u00ebrhyrje e mundshme e Shqip\u00ebris\u00eb n\u00eb procesin e dialogut \u00a0mes t\u00eb dyja vendeve do t\u00eb ishte munges\u00eb\u00a0 e fort\u00eb respekti p\u00ebr institucionet e pavarura t\u00eb Kosov\u00ebs.<\/p>\n<p>&nbsp;<\/p>","protected":false},"excerpt":{"rendered":"<p>Presidenti i vendit, Ilir Meta ka reaguar s\u00ebrish p\u00ebr \u00e7\u00ebshtjen e dialogut mes Kosov\u00ebs dhe Serbis\u00eb. Ai vijon t\u00eb ritheksoj\u00eb faktin se ky proces \u00ebsht\u00eb p\u00ebrgjegj\u00ebsi ekskluzive e institucioneve t\u00eb Kosov\u00ebs dhe se Tirana zyrtare nuk mund t\u00eb futet n\u00eb pun\u00ebt e brendshme t\u00eb shteti kosovar, por duhet t\u2019i repektoj\u00eb ato. \u201cDialogu Kosov\u00eb-Serbi \u00ebsht\u00eb p\u00ebrgjegj\u00ebsi [&hellip;]<\/p>\n","protected":false},"author":2013,"featured_media":62223,"comment_status":"open","ping_status":"closed","sticky":false,"template":"","format":"standard","meta":{"footnotes":""},"categories":[241,235],"tags":[],"class_list":{"0":"post-86469","1":"post","2":"type-post","3":"status-publish","4":"format-standard","5":"has-post-thumbnail","7":"category-aktualitet","8":"category-vendi"},"_links":{"self":[{"href":"https:\/\/zjarr.tv\/en\/wp-json\/wp\/v2\/posts\/86469","targetHints":{"allow":["GET"]}}],"collection":[{"href":"https:\/\/zjarr.tv\/en\/wp-json\/wp\/v2\/posts"}],"about":[{"href":"https:\/\/zjarr.tv\/en\/wp-json\/wp\/v2\/types\/post"}],"author":[{"embeddable":true,"href":"https:\/\/zjarr.tv\/en\/wp-json\/wp\/v2\/users\/2013"}],"replies":[{"embeddable":true,"href":"https:\/\/zjarr.tv\/en\/wp-json\/wp\/v2\/comments?post=86469"}],"version-history":[{"count":0,"href":"https:\/\/zjarr.tv\/en\/wp-json\/wp\/v2\/posts\/86469\/revisions"}],"wp:featuredmedia":[{"embeddable":true,"href":"https:\/\/zjarr.tv\/en\/wp-json\/wp\/v2\/media\/62223"}],"wp:attachment":[{"href":"https:\/\/zjarr.tv\/en\/wp-json\/wp\/v2\/media?parent=86469"}],"wp:term":[{"taxonomy":"category","embeddable":true,"href":"https:\/\/zjarr.tv\/en\/wp-json\/wp\/v2\/categories?post=86469"},{"taxonomy":"post_tag","embeddable":true,"href":"https:\/\/zjarr.tv\/en\/wp-json\/wp\/v2\/tags?post=86469"}],"curies":[{"name":"wp","href":"https:\/\/api.w.org\/{rel}","templated":true}]}}