{"id":86473,"date":"2019-05-29T13:52:49","date_gmt":"2019-05-29T11:52:49","guid":{"rendered":"https:\/\/zjarr.tv\/?p=86473"},"modified":"2019-05-29T13:52:49","modified_gmt":"2019-05-29T11:52:49","slug":"tsipras-con-greqine-ne-zgjedhje-me-7-korrik-ska-qeveri-teknike","status":"publish","type":"post","link":"https:\/\/zjarr.tv\/en\/tsipras-con-greqine-ne-zgjedhje-me-7-korrik-ska-qeveri-teknike\/","title":{"rendered":"Tsipras \u00e7on Greqin\u00eb n\u00eb zgjedhje me 7 korrik, s&#8217;ka qeveri teknike"},"content":{"rendered":"<p><em>Greqia pritet t&#8217;i drejtohet zgjedhjeve t\u00eb parakohshme n\u00eb dat\u00ebn 7 korrik. Pas disfat\u00ebs s\u00eb partis\u00eb qeveris\u00ebse &#8220;Syriza&#8221; kundrejt opozitar\u00ebve konservator\u00eb, disa an\u00ebtar\u00eb t\u00eb kabinetit kan\u00eb faj\u00ebsuar koleg\u00ebt e tyre p\u00ebr rezultatet e dob\u00ebta, duke i akuzuar ata p\u00ebr arroganc\u00eb dhe paaft\u00ebsi p\u00ebr t\u00eb mbrojtur arritjet e qeveris\u00eb.Z\u00ebdh\u00ebn\u00ebsi i kabinetit tha t\u00eb mart\u00ebn se vendimi p\u00ebr ta shtyr\u00eb me nj\u00eb jav\u00eb afatin e zgjedhjeve \u00ebsht\u00eb marr\u00eb p\u00ebr t\u00eb mos penguar procesin e provimeve p\u00ebr pranimet n\u00eb universitete.<\/em><\/p>\n<p>Zgjedhjet e parakoshme parlamentare n\u00eb Greqi do t\u00eb mbahen m\u00eb 7 korrik, n\u00ebn kujdestarin\u00eb e qeveris\u00eb aktuale t\u00eb Tsipras.<\/p>\n<p>Z\u00ebdh\u00ebn\u00ebsi i qeveris\u00eb Dimitris Tzanakopoulos n\u00eb nj\u00eb intervist\u00eb p\u00ebr Alpha tha se zgjedhjet e parakohshme vin\u00eb si nevoj\u00eb p\u00ebr zhvillimin normal ekonomik t\u00eb vendit.<\/p>\n<p>Tzanakopoulos shtoi se Kryeministri do t\u00eb vizitoj\u00eb Presidentin e Republik\u00ebs m\u00eb 10 qershor p\u00ebr t\u00eb k\u00ebrkuar p\u00ebr shp\u00ebrndarjen e parlamentit.<\/p>\n<p>Ai shpjegoi se data 7 korrik ishte zgjedhur p\u00ebr t\u00eb mos penguar provimet e matur\u00ebs, pas nj\u00eb konsultimi t\u00eb Tsipras me Ministrin e Arsimit.<\/p>\n<p>Deri at\u00ebher\u00eb, qeveria ruan t\u00eb gjitha fuqit\u00eb.\u00a0<em>&#8220;Nuk ka dor\u00ebheqje t\u00eb Kryeministrit apo qeveri teknike, situata \u00ebsht\u00eb krejt\u00ebsisht e ndryshme nga shtatori 2015,&#8221; tha ai.\u00a0<\/em><\/p>\n<p><em>Tzanakopoulos shtoi se nuk do t\u00eb ket\u00eb as ndryshime n\u00eb drejtimin e Ministris\u00eb s\u00eb Brendshme.<\/em><\/p>\n<p>Z\u00ebdh\u00ebn\u00ebsi i qeveris\u00eb greke tha se\u00a0<em>rezultati i zgjedhjeve evropiane do t\u00eb vler\u00ebsohet politikisht.<\/em><\/p>\n<p><em>&#8220;Debati mbi akuzat e shkaktuara nga qendrat e huaja nuk ka kuptim k\u00ebt\u00eb koh\u00eb, nuk ka kuptim t&#8217;i caktoj\u00eb p\u00ebrgjegj\u00ebsit\u00eb personale. SYRIZA \u00ebsht\u00eb e bashkuar dhe e vendosur p\u00ebr t\u00eb mbrojtur idet\u00eb, vlerat dhe vizionet dhe ne kemi potencialin p\u00ebr t\u00eb p\u00ebrmbysur situat\u00ebn&#8221;.<\/em><\/p>\n<p>Duke iu referuar shkaqeve t\u00eb humbjes, ai vuri n\u00eb dukje se\u00a0<em>&#8220;nj\u00eb nga arsyet kryesore ishte gjendja politike e memorandumit q\u00eb duhej t\u00eb menaxhonim. Ne kemi marr\u00eb nj\u00eb situat\u00eb t\u00eb v\u00ebshtir\u00eb ku 25% e qytetar\u00ebve jan\u00eb p\u00ebrjashtuar nga sh\u00ebrbimet sh\u00ebndet\u00ebsore dhe t\u00eb mir\u00ebqenies. Ne zgjodh\u00ebm t\u00eb p\u00ebrqendrohemi n\u00eb p\u00ebrpjekjet p\u00ebr rivendosjen e standardit t\u00eb jetes\u00ebs s\u00eb qytetar\u00ebve. Duke pasur parasysh kufizimet buxhetore, ne nuk kemi arritur t\u00eb krijojm\u00eb kushte m\u00eb t\u00eb mira jetese. Pak koh\u00eb ka mbetur nga memorandumet dhe efektet pozitive t\u00eb politik\u00ebs s\u00eb re ekonomike nuk jan\u00eb par\u00eb.&#8221;<\/em><\/p>\n<p><strong>&#8220;Disa zyrtar\u00eb u treguan arrogant\u00eb, ndikuan rezultatin&#8221;<\/strong><\/p>\n<p>Kryeministri Alexis Tsipras shpalli n\u00eb fundjav\u00eb se do e shp\u00ebrb\u00ebj\u00eb parlamentin pas raundit t\u00eb dyt\u00eb t\u00eb zgjedhjeve vendore m\u00eb dat\u00ebn 2 qershor pas rezultateve t\u00eb dob\u00ebta n\u00eb gar\u00ebn p\u00ebr mandatet europarlamentare dhe p\u00ebr bashkit\u00eb e vendit.<\/p>\n<p>Me num\u00ebrimin e 99 p\u00ebr qind t\u00eb votave, \u00ebsht\u00eb konfirmuar se partia opozitare &#8220;Demokracia e Re&#8221; ka fituar 33 p\u00ebr qind t\u00eb vot\u00ebs ose 8 mandate n\u00eb Parlamentin Europian, partia qeveris\u00ebse &#8220;Syriza&#8221; ka marr\u00eb 6 mandate, dhe nga 2 mandate kan\u00eb fituar p\u00ebrkat\u00ebsisht &#8220;L\u00ebvizja p\u00ebr Ndryshim&#8221;, &#8220;Partia Komuniste&#8221; dhe &#8220;Agimi i Art\u00eb&#8221;.<\/p>\n<p>Brenda grupimit qeveris\u00ebs tani po k\u00ebrkohet dor\u00ebheqja e zyrtar\u00ebve q\u00eb mund t\u00eb ken\u00eb ndikuar n\u00eb rezultatin e dob\u00ebt.<\/p>\n<p>Ish-ministri i Jasht\u00ebm Nikos Kotzias dhe sekretari i partis\u00eb &#8220;Syriza&#8221;, Panos Skurletis, thon\u00eb se disa an\u00ebtar\u00eb t\u00eb kabinetit kan\u00eb d\u00ebmtuar imazhin me sjelljen e tyre arrogante apo duke mos i bindur qytetar\u00ebt p\u00ebr arritjet e qeveris\u00eb.<\/p>\n<p>M\u00eb i sh\u00ebnjestruari prej tyre mbetet ministri i Shtetit Kristoforos Vernardakis, nj\u00eb nga bashk\u00ebpun\u00ebtor\u00ebt m\u00eb t\u00eb af\u00ebrt t\u00eb Tsipras, t\u00eb cilit i ishte ngarkuar sondimi i qytetar\u00ebve p\u00ebrpara zgjedhjeve.<\/p>\n<p>&nbsp;<\/p>","protected":false},"excerpt":{"rendered":"<p>Greqia pritet t&#8217;i drejtohet zgjedhjeve t\u00eb parakohshme n\u00eb dat\u00ebn 7 korrik. Pas disfat\u00ebs s\u00eb partis\u00eb qeveris\u00ebse &#8220;Syriza&#8221; kundrejt opozitar\u00ebve konservator\u00eb, disa an\u00ebtar\u00eb t\u00eb kabinetit kan\u00eb faj\u00ebsuar koleg\u00ebt e tyre p\u00ebr rezultatet e dob\u00ebta, duke i akuzuar ata p\u00ebr arroganc\u00eb dhe paaft\u00ebsi p\u00ebr t\u00eb mbrojtur arritjet e qeveris\u00eb.Z\u00ebdh\u00ebn\u00ebsi i kabinetit tha t\u00eb mart\u00ebn se vendimi p\u00ebr [&hellip;]<\/p>\n","protected":false},"author":2013,"featured_media":0,"comment_status":"open","ping_status":"closed","sticky":false,"template":"","format":"standard","meta":{"footnotes":""},"categories":[241,2],"tags":[],"class_list":{"0":"post-86473","1":"post","2":"type-post","3":"status-publish","4":"format-standard","6":"category-aktualitet","7":"category-rajoni"},"_links":{"self":[{"href":"https:\/\/zjarr.tv\/en\/wp-json\/wp\/v2\/posts\/86473","targetHints":{"allow":["GET"]}}],"collection":[{"href":"https:\/\/zjarr.tv\/en\/wp-json\/wp\/v2\/posts"}],"about":[{"href":"https:\/\/zjarr.tv\/en\/wp-json\/wp\/v2\/types\/post"}],"author":[{"embeddable":true,"href":"https:\/\/zjarr.tv\/en\/wp-json\/wp\/v2\/users\/2013"}],"replies":[{"embeddable":true,"href":"https:\/\/zjarr.tv\/en\/wp-json\/wp\/v2\/comments?post=86473"}],"version-history":[{"count":0,"href":"https:\/\/zjarr.tv\/en\/wp-json\/wp\/v2\/posts\/86473\/revisions"}],"wp:attachment":[{"href":"https:\/\/zjarr.tv\/en\/wp-json\/wp\/v2\/media?parent=86473"}],"wp:term":[{"taxonomy":"category","embeddable":true,"href":"https:\/\/zjarr.tv\/en\/wp-json\/wp\/v2\/categories?post=86473"},{"taxonomy":"post_tag","embeddable":true,"href":"https:\/\/zjarr.tv\/en\/wp-json\/wp\/v2\/tags?post=86473"}],"curies":[{"name":"wp","href":"https:\/\/api.w.org\/{rel}","templated":true}]}}