{"id":86475,"date":"2019-05-29T13:55:23","date_gmt":"2019-05-29T11:55:23","guid":{"rendered":"https:\/\/zjarr.tv\/?p=86475"},"modified":"2019-05-29T13:55:23","modified_gmt":"2019-05-29T11:55:23","slug":"kombetarja-ndez-motorret-nen-drejtimin-e-edi-reja","status":"publish","type":"post","link":"https:\/\/zjarr.tv\/en\/kombetarja-ndez-motorret-nen-drejtimin-e-edi-reja\/","title":{"rendered":"Komb\u00ebtarja ndez &#8220;motorr\u00ebt&#8221; n\u00ebn drejtimin e Edi Reja"},"content":{"rendered":"<p>Komb\u00ebtarja shqiptare e futbollit ka kryer st\u00ebrvitjen e par\u00eb n\u00ebn drejtimin e teknikut, Edi Reja.<\/p>\n<p>Skuadra kuqezi \u00ebsht\u00eb vendosur p\u00ebr her\u00eb t\u00eb par\u00eb n\u00ebn urdh\u00ebrat e 73 vje\u00e7arit. Pasdit\u00ebn e sotme, italiani ka zbuluar edhe futbollist\u00ebt e grumbulluar p\u00ebr dy takimet eliminatore t\u00eb Euro 2020, ndaj Island\u00ebs m\u00eb 8 qershor dhe tre dit\u00eb m\u00eb von\u00eb ndaj Moldavis\u00eb.<\/p>\n<p>Nd\u00ebrkoh\u00eb n\u00eb fush\u00ebn st\u00ebrvitore n\u00eb Durr\u00ebs, ekipi ka marr\u00eb ngarkes\u00ebn e duhur fizike, programuar nga stafi teknik i komb\u00ebtares.<\/p>","protected":false},"excerpt":{"rendered":"<p>Komb\u00ebtarja shqiptare e futbollit ka kryer st\u00ebrvitjen e par\u00eb n\u00ebn drejtimin e teknikut, Edi Reja. Skuadra kuqezi \u00ebsht\u00eb vendosur p\u00ebr her\u00eb t\u00eb par\u00eb n\u00ebn urdh\u00ebrat e 73 vje\u00e7arit. Pasdit\u00ebn e sotme, italiani ka zbuluar edhe futbollist\u00ebt e grumbulluar p\u00ebr dy takimet eliminatore t\u00eb Euro 2020, ndaj Island\u00ebs m\u00eb 8 qershor dhe tre dit\u00eb m\u00eb von\u00eb [&hellip;]<\/p>\n","protected":false},"author":2013,"featured_media":86476,"comment_status":"open","ping_status":"closed","sticky":false,"template":"","format":"standard","meta":{"footnotes":""},"categories":[241,192],"tags":[],"class_list":{"0":"post-86475","1":"post","2":"type-post","3":"status-publish","4":"format-standard","5":"has-post-thumbnail","7":"category-aktualitet","8":"category-sport"},"_links":{"self":[{"href":"https:\/\/zjarr.tv\/en\/wp-json\/wp\/v2\/posts\/86475","targetHints":{"allow":["GET"]}}],"collection":[{"href":"https:\/\/zjarr.tv\/en\/wp-json\/wp\/v2\/posts"}],"about":[{"href":"https:\/\/zjarr.tv\/en\/wp-json\/wp\/v2\/types\/post"}],"author":[{"embeddable":true,"href":"https:\/\/zjarr.tv\/en\/wp-json\/wp\/v2\/users\/2013"}],"replies":[{"embeddable":true,"href":"https:\/\/zjarr.tv\/en\/wp-json\/wp\/v2\/comments?post=86475"}],"version-history":[{"count":0,"href":"https:\/\/zjarr.tv\/en\/wp-json\/wp\/v2\/posts\/86475\/revisions"}],"wp:featuredmedia":[{"embeddable":true,"href":"https:\/\/zjarr.tv\/en\/wp-json\/wp\/v2\/media\/86476"}],"wp:attachment":[{"href":"https:\/\/zjarr.tv\/en\/wp-json\/wp\/v2\/media?parent=86475"}],"wp:term":[{"taxonomy":"category","embeddable":true,"href":"https:\/\/zjarr.tv\/en\/wp-json\/wp\/v2\/categories?post=86475"},{"taxonomy":"post_tag","embeddable":true,"href":"https:\/\/zjarr.tv\/en\/wp-json\/wp\/v2\/tags?post=86475"}],"curies":[{"name":"wp","href":"https:\/\/api.w.org\/{rel}","templated":true}]}}