{"id":86485,"date":"2019-05-29T14:11:02","date_gmt":"2019-05-29T12:11:02","guid":{"rendered":"https:\/\/zjarr.tv\/?p=86485"},"modified":"2019-05-29T14:11:02","modified_gmt":"2019-05-29T12:11:02","slug":"ja-suksesi-me-i-madh-i-rames-ironia-e-palokes-cmund-te-thote-ne-15-00","status":"publish","type":"post","link":"https:\/\/zjarr.tv\/en\/ja-suksesi-me-i-madh-i-rames-ironia-e-palokes-cmund-te-thote-ne-15-00\/","title":{"rendered":"\u2018Ja suksesi m\u00eb i madh i Ram\u00ebs\u2019, ironia e Palok\u00ebs: \u00c7\u2019mund t\u00eb thot\u00eb n\u00eb 15.00\u2026"},"content":{"rendered":"<p>N\u00ebnkryetari i Partis\u00eb Demokratike ka komentuar faktin se Rama ka lajm\u00ebruar konferenc\u00eb p\u00ebr mediat n\u00eb or\u00ebn 15.00 s\u00eb bashku me ambasadorin e BE Luigi Soreca. Konferenca e Ram\u00ebs vjen pasi PE tha sot se do t\u2019i rekomandoj\u00eb K\u00ebshillit t\u00eb Europ\u00ebs, hapje negociatash me Shqip\u00ebrin\u00eb dhe Maqedonin\u00eb Veriore.<\/p>\n<p>P\u00ebrmes nj\u00eb sh\u00ebnimi n\u00eb \u201cFacebook\u201d, Paloka shprehet ironikisht se Rama i ka hapur negociatat nj\u00ebher\u00eb. \u201c\u00c7far\u00eb mund t\u00eb thot\u00eb n\u00eb or\u00ebn 15.00 ?! Ky i ka hapur nj\u00ebher\u00eb negociatat nj\u00eb vit m\u00eb par\u00eb\u2026!!!<\/p>\n<p>Nd\u00ebrsa n\u00eb nj\u00eb sh\u00ebnim t\u00eb dyt\u00eb n\u00eb llogarin\u00eb e tij n\u00eb \u201cFacebook\u201d, Paloka po me irno thot\u00eb se Rama ka vet\u00ebm nj\u00eb arritje dhe ajo \u00ebsht\u00eb reforma n\u00eb drejt\u00ebsi, duke l\u00ebn\u00eb vendin pa Gjykat\u00eb Kushtetuese.<\/p>\n<p>\u201cDegjova gjithe kuriozitet se kush ishin \u201csukseset\u201d per vitin 2018 se helbete, ne si opozite jo vetem nuk duam ti shohim \u201csukseset\u201d po hedhim edhe balte gjithe kohen\u2026<\/p>\n<p>Ishte vetem nje; REFORMA NE DREJTESI !<\/p>\n<p>Duam apo s\u2019duam , te vertetat jane kokeforta e duhen pranuar.<\/p>\n<p>Ka qene vertete \u201csukses i madh\u201d 2018 ne drejtesi\u2026Vjet ishim vetem pa Gjykate Kushtetuese, tani , prej pak ditesh, nuk kemi as Gjykate te Larte. A mund te kete sukses me te madh? Ka ndonje vend tjeter ne bote qe t\u2019ja kete arritur kaq shpejte ?!<\/p>\n<p>Ky ishte \u201csuksesi\u201d , imagjinoni deshtimet\u2026Apo nuk ka?<\/p>\n<p>Kur jepet kesti i fundit ???!\u201d, deklaron Paloka.<\/p>\n<p>&nbsp;<\/p>","protected":false},"excerpt":{"rendered":"<p>N\u00ebnkryetari i Partis\u00eb Demokratike ka komentuar faktin se Rama ka lajm\u00ebruar konferenc\u00eb p\u00ebr mediat n\u00eb or\u00ebn 15.00 s\u00eb bashku me ambasadorin e BE Luigi Soreca. Konferenca e Ram\u00ebs vjen pasi PE tha sot se do t\u2019i rekomandoj\u00eb K\u00ebshillit t\u00eb Europ\u00ebs, hapje negociatash me Shqip\u00ebrin\u00eb dhe Maqedonin\u00eb Veriore. P\u00ebrmes nj\u00eb sh\u00ebnimi n\u00eb \u201cFacebook\u201d, Paloka shprehet ironikisht [&hellip;]<\/p>\n","protected":false},"author":2013,"featured_media":50732,"comment_status":"open","ping_status":"closed","sticky":false,"template":"","format":"standard","meta":{"footnotes":""},"categories":[241,235],"tags":[],"class_list":{"0":"post-86485","1":"post","2":"type-post","3":"status-publish","4":"format-standard","5":"has-post-thumbnail","7":"category-aktualitet","8":"category-vendi"},"_links":{"self":[{"href":"https:\/\/zjarr.tv\/en\/wp-json\/wp\/v2\/posts\/86485","targetHints":{"allow":["GET"]}}],"collection":[{"href":"https:\/\/zjarr.tv\/en\/wp-json\/wp\/v2\/posts"}],"about":[{"href":"https:\/\/zjarr.tv\/en\/wp-json\/wp\/v2\/types\/post"}],"author":[{"embeddable":true,"href":"https:\/\/zjarr.tv\/en\/wp-json\/wp\/v2\/users\/2013"}],"replies":[{"embeddable":true,"href":"https:\/\/zjarr.tv\/en\/wp-json\/wp\/v2\/comments?post=86485"}],"version-history":[{"count":0,"href":"https:\/\/zjarr.tv\/en\/wp-json\/wp\/v2\/posts\/86485\/revisions"}],"wp:featuredmedia":[{"embeddable":true,"href":"https:\/\/zjarr.tv\/en\/wp-json\/wp\/v2\/media\/50732"}],"wp:attachment":[{"href":"https:\/\/zjarr.tv\/en\/wp-json\/wp\/v2\/media?parent=86485"}],"wp:term":[{"taxonomy":"category","embeddable":true,"href":"https:\/\/zjarr.tv\/en\/wp-json\/wp\/v2\/categories?post=86485"},{"taxonomy":"post_tag","embeddable":true,"href":"https:\/\/zjarr.tv\/en\/wp-json\/wp\/v2\/tags?post=86485"}],"curies":[{"name":"wp","href":"https:\/\/api.w.org\/{rel}","templated":true}]}}