{"id":86487,"date":"2019-05-29T14:14:23","date_gmt":"2019-05-29T12:14:23","guid":{"rendered":"https:\/\/zjarr.tv\/?p=86487"},"modified":"2019-05-29T14:14:23","modified_gmt":"2019-05-29T12:14:23","slug":"nokapushteti-kriminal-kercenim-politik-ndaj-deputeteve-opozitare","status":"publish","type":"post","link":"https:\/\/zjarr.tv\/en\/nokapushteti-kriminal-kercenim-politik-ndaj-deputeteve-opozitare\/","title":{"rendered":"Noka:Pushteti kriminal k\u00ebrc\u00ebnim politik ndaj deputet\u00ebve opozitar\u00eb"},"content":{"rendered":"<p>Gjasht\u00eb ish-deputet\u00eb t\u00eb opozit\u00ebs kan\u00eb dal\u00eb n\u00eb konferenc\u00eb p\u00ebr mediat, pasi u njoftua se ata jan\u00eb proceduar penalisht p\u00ebr dhun\u00ebn n\u00eb protest\u00ebn e 16 shkurtit n\u00eb Tiran\u00eb.<\/p>\n<p>Ish-deputeti demokrat Flamur Noka tha se thjesht kishte nd\u00ebrhyr\u00eb kur nj\u00eb polic i kishte futur thonjt\u00eb n\u00eb fyt kolegut t\u00eb tij Gent Strazimiri, nd\u00ebrsa shtoi se pushteti i Edi Ram\u00ebs po b\u00ebn k\u00ebrc\u00ebnim politik ndaj ish- deputet\u00ebve opozitar\u00eb.<\/p>\n<p><strong>\u201c<\/strong>Jemi n\u00eb tentative k\u00ebrc\u00ebnimi politik t\u00eb deputet\u00ebve t\u00eb opozit\u00ebs nga ana e pushtetit. N\u00eb rastin konkret, ne si deputet\u00eb opozitar\u00eb po b\u00ebnim pun\u00ebn tona sipas Kushtetut\u00ebs dhe ligjeve. Nuk ka b\u00ebr\u00eb kurr\u00eb n\u00eb demokraci q\u00eb zyrtar\u00ebt e policis\u00eb t\u00eb dhunojn\u00eb deputet\u00ebt n\u00eb krye t\u00eb detyr\u00ebs, ky \u00ebsht\u00eb rast i paprecedent.<\/p>\n<p>Prokuroria dhe policia politike e Edi Ram\u00ebs vet\u00ebm dhunon deputet\u00ebt opozitar\u00eb. Un\u00eb kam nd\u00ebrhyr\u00eb, kur punonj\u00ebsi i policis\u00eb i kishte futur thonjt\u00eb n\u00eb fyt kolegut Strazimiri. Deputet\u00ebt jan\u00eb t\u00eb papreksh\u00ebm n\u00eb baz\u00eb t\u00eb Kushtetut\u00ebs. Un\u00eb largova nj\u00eb punonj\u00ebs policie, punonj\u00ebs i nj\u00eb bande, pasi dhunonte fizikisht nj\u00eb p\u00ebrfaq\u00ebsues populli. Kjo \u00ebsht\u00eb \u00e7\u00ebshtja p\u00ebr t\u00eb cil\u00ebn jemi proceduar\u201d, tha Noka.<\/p>","protected":false},"excerpt":{"rendered":"<p>Gjasht\u00eb ish-deputet\u00eb t\u00eb opozit\u00ebs kan\u00eb dal\u00eb n\u00eb konferenc\u00eb p\u00ebr mediat, pasi u njoftua se ata jan\u00eb proceduar penalisht p\u00ebr dhun\u00ebn n\u00eb protest\u00ebn e 16 shkurtit n\u00eb Tiran\u00eb. Ish-deputeti demokrat Flamur Noka tha se thjesht kishte nd\u00ebrhyr\u00eb kur nj\u00eb polic i kishte futur thonjt\u00eb n\u00eb fyt kolegut t\u00eb tij Gent Strazimiri, nd\u00ebrsa shtoi se pushteti i [&hellip;]<\/p>\n","protected":false},"author":2013,"featured_media":51686,"comment_status":"open","ping_status":"closed","sticky":false,"template":"","format":"standard","meta":{"footnotes":""},"categories":[241,235],"tags":[],"class_list":{"0":"post-86487","1":"post","2":"type-post","3":"status-publish","4":"format-standard","5":"has-post-thumbnail","7":"category-aktualitet","8":"category-vendi"},"_links":{"self":[{"href":"https:\/\/zjarr.tv\/en\/wp-json\/wp\/v2\/posts\/86487","targetHints":{"allow":["GET"]}}],"collection":[{"href":"https:\/\/zjarr.tv\/en\/wp-json\/wp\/v2\/posts"}],"about":[{"href":"https:\/\/zjarr.tv\/en\/wp-json\/wp\/v2\/types\/post"}],"author":[{"embeddable":true,"href":"https:\/\/zjarr.tv\/en\/wp-json\/wp\/v2\/users\/2013"}],"replies":[{"embeddable":true,"href":"https:\/\/zjarr.tv\/en\/wp-json\/wp\/v2\/comments?post=86487"}],"version-history":[{"count":0,"href":"https:\/\/zjarr.tv\/en\/wp-json\/wp\/v2\/posts\/86487\/revisions"}],"wp:featuredmedia":[{"embeddable":true,"href":"https:\/\/zjarr.tv\/en\/wp-json\/wp\/v2\/media\/51686"}],"wp:attachment":[{"href":"https:\/\/zjarr.tv\/en\/wp-json\/wp\/v2\/media?parent=86487"}],"wp:term":[{"taxonomy":"category","embeddable":true,"href":"https:\/\/zjarr.tv\/en\/wp-json\/wp\/v2\/categories?post=86487"},{"taxonomy":"post_tag","embeddable":true,"href":"https:\/\/zjarr.tv\/en\/wp-json\/wp\/v2\/tags?post=86487"}],"curies":[{"name":"wp","href":"https:\/\/api.w.org\/{rel}","templated":true}]}}