{"id":86489,"date":"2019-05-29T14:17:19","date_gmt":"2019-05-29T12:17:19","guid":{"rendered":"https:\/\/zjarr.tv\/?p=86489"},"modified":"2019-05-29T14:17:19","modified_gmt":"2019-05-29T12:17:19","slug":"rovena-gashin-e-djeg-pasuria-kpa-e-shkarkon-nga-detyra","status":"publish","type":"post","link":"https:\/\/zjarr.tv\/en\/rovena-gashin-e-djeg-pasuria-kpa-e-shkarkon-nga-detyra\/","title":{"rendered":"Rovena Gashin e djeg pasuria, KPA e shkarkon nga detyra"},"content":{"rendered":"<p>Kolegji i Posa\u00e7\u00ebm i Apelimit ka dh\u00ebn\u00eb vendimin sot p\u00ebr prokuroren Rovena Gashi, duke l\u00ebn\u00eb n\u00eb fuqi vendimin e par\u00eb t\u00eb vettingut dhe duke e shkarkuar nga detyra.<\/p>\n<p>Gashi, me detyr\u00eb pran\u00eb Prokuroris\u00eb s\u00eb P\u00ebrgjithshme u shkarkua nga Komisioni i Pavarur i Kualifikimit por vendimi i ankimua nga vet\u00eb prokurorja.<\/p>\n<p>Sot trupi gjykues i KPA, vendosi edhe n\u00eb prani t\u00eb v\u00ebzhgueses nd\u00ebrkomb\u00ebtare, se zonja Rovena Gashi subjekt i rivler\u00ebsimit p\u00ebr shkak t\u00eb funksionit t\u00eb saj si prokurore t\u00eb shkarkohet nga detyra.<br \/>\nMe sa duket problemet me deklarimin e pasuris\u00eb kan\u00eb qen\u00eb shkak p\u00ebr vendimin e marr\u00eb nga KPA.<\/p>","protected":false},"excerpt":{"rendered":"<p>Kolegji i Posa\u00e7\u00ebm i Apelimit ka dh\u00ebn\u00eb vendimin sot p\u00ebr prokuroren Rovena Gashi, duke l\u00ebn\u00eb n\u00eb fuqi vendimin e par\u00eb t\u00eb vettingut dhe duke e shkarkuar nga detyra. Gashi, me detyr\u00eb pran\u00eb Prokuroris\u00eb s\u00eb P\u00ebrgjithshme u shkarkua nga Komisioni i Pavarur i Kualifikimit por vendimi i ankimua nga vet\u00eb prokurorja. Sot trupi gjykues i KPA, [&hellip;]<\/p>\n","protected":false},"author":2013,"featured_media":52766,"comment_status":"open","ping_status":"closed","sticky":false,"template":"","format":"standard","meta":{"footnotes":""},"categories":[241,235],"tags":[],"class_list":{"0":"post-86489","1":"post","2":"type-post","3":"status-publish","4":"format-standard","5":"has-post-thumbnail","7":"category-aktualitet","8":"category-vendi"},"_links":{"self":[{"href":"https:\/\/zjarr.tv\/en\/wp-json\/wp\/v2\/posts\/86489","targetHints":{"allow":["GET"]}}],"collection":[{"href":"https:\/\/zjarr.tv\/en\/wp-json\/wp\/v2\/posts"}],"about":[{"href":"https:\/\/zjarr.tv\/en\/wp-json\/wp\/v2\/types\/post"}],"author":[{"embeddable":true,"href":"https:\/\/zjarr.tv\/en\/wp-json\/wp\/v2\/users\/2013"}],"replies":[{"embeddable":true,"href":"https:\/\/zjarr.tv\/en\/wp-json\/wp\/v2\/comments?post=86489"}],"version-history":[{"count":0,"href":"https:\/\/zjarr.tv\/en\/wp-json\/wp\/v2\/posts\/86489\/revisions"}],"wp:featuredmedia":[{"embeddable":true,"href":"https:\/\/zjarr.tv\/en\/wp-json\/wp\/v2\/media\/52766"}],"wp:attachment":[{"href":"https:\/\/zjarr.tv\/en\/wp-json\/wp\/v2\/media?parent=86489"}],"wp:term":[{"taxonomy":"category","embeddable":true,"href":"https:\/\/zjarr.tv\/en\/wp-json\/wp\/v2\/categories?post=86489"},{"taxonomy":"post_tag","embeddable":true,"href":"https:\/\/zjarr.tv\/en\/wp-json\/wp\/v2\/tags?post=86489"}],"curies":[{"name":"wp","href":"https:\/\/api.w.org\/{rel}","templated":true}]}}