{"id":86493,"date":"2019-05-29T14:38:29","date_gmt":"2019-05-29T12:38:29","guid":{"rendered":"https:\/\/zjarr.tv\/?p=86493"},"modified":"2019-05-29T14:38:29","modified_gmt":"2019-05-29T12:38:29","slug":"5-yjet-ne-krize-di-maio-kerkon-votebesimin","status":"publish","type":"post","link":"https:\/\/zjarr.tv\/en\/5-yjet-ne-krize-di-maio-kerkon-votebesimin\/","title":{"rendered":"&#8220;5 yjet&#8221; n\u00eb kriz\u00eb, Di Maio k\u00ebrkon vot\u00ebbesimin"},"content":{"rendered":"<p><em>Kryetari i &#8220;L\u00ebvizjes 5 Yjet&#8221; n\u00eb Itali, Luixhi Di Maio, ka k\u00ebrkuar q\u00eb t\u00eb vot\u00ebbesohet p\u00ebr postin e udh\u00ebheq\u00ebsit pas r\u00ebnies s\u00eb theksuar n\u00eb zgjedhjet e europarlamentare t\u00eb fundjav\u00ebs.<\/em><\/p>\n<p>Italian\u00ebt e &#8220;L\u00ebvizjes 5 Yjet&#8221; pritet t\u00eb enjten t\u00eb mbajn\u00eb q\u00ebndrim ndaj kryetarit t\u00eb tyre pas disfat\u00ebs q\u00eb p\u00ebsuan n\u00eb zgjedhjet europiane.<\/p>\n<p>Luixhi Di Maio, shefi i partis\u00eb anti-establishment n\u00eb koalicionin qeveris\u00ebs, k\u00ebrkoi t\u00eb m\u00ebrkur\u00ebn q\u00eb t\u00eb vot\u00ebbesohet p\u00ebr udh\u00ebheqjen e partis\u00eb.<\/p>\n<p>P\u00ebrmes nj\u00eb postimi n\u00eb faqen zyrtare t\u00eb &#8220;5 Yjeve&#8221;, zv.kryeministri dhe ministri aktual i Pun\u00ebs dhe i Zhvillimit Ekonomik tha se ka nevoj\u00eb t\u00eb dij\u00eb \u00e7far\u00eb mendojn\u00eb qytetar\u00ebt p\u00ebr m\u00ebnyr\u00ebn si po e drejton partin\u00eb.<\/p>\n<p>Grupimi rival nacionalist &#8220;Lidhja&#8221; i Mateo Salvinit fitoi t\u00eb diel\u00ebn mbi 34 p\u00ebr qind t\u00eb votave p\u00ebr Parlamentin Europian.<\/p>\n<p>&#8220;5 Yjet&#8221; mor\u00ebn m\u00eb pak se gjysm\u00ebn e votave, duke u renditur si grupimi i tret\u00eb politik pas demokrat\u00ebve italian\u00eb.<\/p>\n<p>Konfirmimi ose largimi i Di Maios si shef politik i &#8220;L\u00ebvizjes 5 Yjet&#8221; do t\u00eb vendoset t\u00eb enjten p\u00ebrmes nj\u00eb platforme t\u00eb dedikuar n\u00eb internet.<\/p>\n<p>Z\u00ebvend\u00ebskryeministri Salvini nj\u00eb dit\u00eb m\u00eb par\u00eb e vler\u00ebsoi homologun e tij si nj\u00eb person korrekt, nd\u00ebrsa mohoi raportimet se i kishte dh\u00ebn\u00eb Di Maios nj\u00eb ultimatum prej 30 dit\u00ebsh p\u00ebr t\u00eb formuar nj\u00eb aleanc\u00eb t\u00eb re qeveris\u00ebse.<\/p>\n<p>Dy rival\u00ebt e krah\u00ebve t\u00eb ndrysh\u00ebm politik\u00eb formuan qeverin\u00eb aktuale m\u00eb 31 maj t\u00eb vitit t\u00eb kaluar pas rreth tre muaj negociatash.<\/p>\n<p>Tensionet mes tyre kan\u00eb qen\u00eb t\u00eb p\u00ebrhershme rreth \u00e7\u00ebshtjeve t\u00eb buxhetit apo veprave infrastrukturore, nd\u00ebrsa p\u00ebrplasjet u rrit\u00ebn s\u00eb fundmi kur zyrtar\u00eb nga t\u00eb dyja pal\u00ebt u akuzuan p\u00ebr korrupsion.<\/p>\n<p>Zhvillimet e fundit u trajtuan t\u00eb m\u00ebrkur\u00ebn edhe n\u00eb nj\u00eb takim kok\u00eb-m\u00eb-kok\u00eb mes kryeministrit Xhuzepe Konte dhe z\u00ebvend\u00ebsit t\u00eb tij, Luixhi Di Maio.<\/p>\n<p>&nbsp;<\/p>","protected":false},"excerpt":{"rendered":"<p>Kryetari i &#8220;L\u00ebvizjes 5 Yjet&#8221; n\u00eb Itali, Luixhi Di Maio, ka k\u00ebrkuar q\u00eb t\u00eb vot\u00ebbesohet p\u00ebr postin e udh\u00ebheq\u00ebsit pas r\u00ebnies s\u00eb theksuar n\u00eb zgjedhjet e europarlamentare t\u00eb fundjav\u00ebs. Italian\u00ebt e &#8220;L\u00ebvizjes 5 Yjet&#8221; pritet t\u00eb enjten t\u00eb mbajn\u00eb q\u00ebndrim ndaj kryetarit t\u00eb tyre pas disfat\u00ebs q\u00eb p\u00ebsuan n\u00eb zgjedhjet europiane. Luixhi Di Maio, shefi [&hellip;]<\/p>\n","protected":false},"author":2013,"featured_media":86494,"comment_status":"open","ping_status":"closed","sticky":false,"template":"","format":"standard","meta":{"footnotes":""},"categories":[241,191],"tags":[],"class_list":{"0":"post-86493","1":"post","2":"type-post","3":"status-publish","4":"format-standard","5":"has-post-thumbnail","7":"category-aktualitet","8":"category-bota"},"_links":{"self":[{"href":"https:\/\/zjarr.tv\/en\/wp-json\/wp\/v2\/posts\/86493","targetHints":{"allow":["GET"]}}],"collection":[{"href":"https:\/\/zjarr.tv\/en\/wp-json\/wp\/v2\/posts"}],"about":[{"href":"https:\/\/zjarr.tv\/en\/wp-json\/wp\/v2\/types\/post"}],"author":[{"embeddable":true,"href":"https:\/\/zjarr.tv\/en\/wp-json\/wp\/v2\/users\/2013"}],"replies":[{"embeddable":true,"href":"https:\/\/zjarr.tv\/en\/wp-json\/wp\/v2\/comments?post=86493"}],"version-history":[{"count":0,"href":"https:\/\/zjarr.tv\/en\/wp-json\/wp\/v2\/posts\/86493\/revisions"}],"wp:featuredmedia":[{"embeddable":true,"href":"https:\/\/zjarr.tv\/en\/wp-json\/wp\/v2\/media\/86494"}],"wp:attachment":[{"href":"https:\/\/zjarr.tv\/en\/wp-json\/wp\/v2\/media?parent=86493"}],"wp:term":[{"taxonomy":"category","embeddable":true,"href":"https:\/\/zjarr.tv\/en\/wp-json\/wp\/v2\/categories?post=86493"},{"taxonomy":"post_tag","embeddable":true,"href":"https:\/\/zjarr.tv\/en\/wp-json\/wp\/v2\/tags?post=86493"}],"curies":[{"name":"wp","href":"https:\/\/api.w.org\/{rel}","templated":true}]}}